{"id":13212,"date":"2021-05-31T09:47:06","date_gmt":"2021-05-31T07:47:06","guid":{"rendered":"https:\/\/icebergng.udg.edu\/?p=13212"},"modified":"2021-06-01T09:22:22","modified_gmt":"2021-06-01T07:22:22","slug":"video-commemoratiu-de-lany-pallach","status":"publish","type":"post","link":"https:\/\/iceberg.udg.edu\/?p=13212","title":{"rendered":"V\u00eddeo commemoratiu de l&#8217;Any Pallach"},"content":{"rendered":"\n<p>El passat 13 de maig es va celebrar l&#8217;acte&nbsp;<strong>&#8220;La UDG a l&#8217;entorn de l&#8217;Any Pallach&#8221;<\/strong>&nbsp;a la Facultat d&#8217;Educaci\u00f3 i Psicologia. Aquest acte va ser presidit pel Rector de la Universitat de Girona i va comptar amb l&#8217;assist\u00e8ncia de la Fundaci\u00f3 Pallach i de representants de les seg\u00fcents institucions de la UdG: Rectorat, Facultat d&#8217;Educaci\u00f3 i Psicologia, C\u00e0tedra de Renovaci\u00f3 Pedag\u00f2gica, C\u00e0tedra de Responsabilitat Social Universit\u00e0ria, Instiut de Recerca Educativa i nosaltres, l&#8217;Institut de Ci\u00e8ncies de l&#8217;Educaci\u00f3 Josep Pallach. Tamb\u00e9 va assistir Ant\u00f2nia Pallach, filla de Josep Pallach.&nbsp;<\/p>\n\n\n\n<p>En aquest acte des de l&#8217;<a href=\"https:\/\/www.udg.edu\/ca\/ice\" target=\"_blank\" rel=\"noreferrer noopener\">Institut de Ci\u00e8ncies de l\u2019Educaci\u00f3 Josep Pallach<\/a>&nbsp;tamb\u00e9 es va presentar aquest v\u00eddeo commemoratiu.&nbsp;<\/p>\n\n\n\n<p><a href=\"https:\/\/www.youtube.com\/watch?v=tb00tc79v9A\" target=\"_blank\" rel=\"noreferrer noopener\">Aqu\u00ed podeu veure el v\u00eddeo &#8220;ICE Josep Pallach: or\u00edgens i reptes&#8221;.<\/a><\/p>\n","protected":false},"excerpt":{"rendered":"<p>Des de l\u2019ICE Josep Pallach de la Universitat de Girona s&#8217;ha preparat un v\u00eddeo commemoratiu de l&#8217;Any Pallach que porta per t\u00edtol &#8220;ICE Josep Pallach: or\u00edgens i reptes&#8221;. Aquesta iniciativa ens ha perm\u00e8s descubrir la petjada indirecta que Josep Pallach ha deixat en les persones vinculades amb el nostre ICE.<\/p>\n","protected":false},"author":1,"featured_media":13213,"comment_status":"open","ping_status":"closed","sticky":false,"template":"","format":"standard","meta":{"footnotes":""},"categories":[23],"tags":[],"class_list":["post-13212","post","type-post","status-publish","format-standard","has-post-thumbnail","hentry","category-noticies"],"_links":{"self":[{"href":"https:\/\/iceberg.udg.edu\/index.php?rest_route=\/wp\/v2\/posts\/13212","targetHints":{"allow":["GET"]}}],"collection":[{"href":"https:\/\/iceberg.udg.edu\/index.php?rest_route=\/wp\/v2\/posts"}],"about":[{"href":"https:\/\/iceberg.udg.edu\/index.php?rest_route=\/wp\/v2\/types\/post"}],"author":[{"embeddable":true,"href":"https:\/\/iceberg.udg.edu\/index.php?rest_route=\/wp\/v2\/users\/1"}],"replies":[{"embeddable":true,"href":"https:\/\/iceberg.udg.edu\/index.php?rest_route=%2Fwp%2Fv2%2Fcomments&post=13212"}],"version-history":[{"count":3,"href":"https:\/\/iceberg.udg.edu\/index.php?rest_route=\/wp\/v2\/posts\/13212\/revisions"}],"predecessor-version":[{"id":13349,"href":"https:\/\/iceberg.udg.edu\/index.php?rest_route=\/wp\/v2\/posts\/13212\/revisions\/13349"}],"wp:featuredmedia":[{"embeddable":true,"href":"https:\/\/iceberg.udg.edu\/index.php?rest_route=\/wp\/v2\/media\/13213"}],"wp:attachment":[{"href":"https:\/\/iceberg.udg.edu\/index.php?rest_route=%2Fwp%2Fv2%2Fmedia&parent=13212"}],"wp:term":[{"taxonomy":"category","embeddable":true,"href":"https:\/\/iceberg.udg.edu\/index.php?rest_route=%2Fwp%2Fv2%2Fcategories&post=13212"},{"taxonomy":"post_tag","embeddable":true,"href":"https:\/\/iceberg.udg.edu\/index.php?rest_route=%2Fwp%2Fv2%2Ftags&post=13212"}],"curies":[{"name":"wp","href":"https:\/\/api.w.org\/{rel}","templated":true}]}}