{"id":14050,"date":"2021-12-21T12:14:56","date_gmt":"2021-12-21T11:14:56","guid":{"rendered":"https:\/\/icebergng.udg.edu\/?p=14050"},"modified":"2021-12-21T12:14:57","modified_gmt":"2021-12-21T11:14:57","slug":"crida-a-presentacio-de-propostes-sefi-2022-upc","status":"publish","type":"post","link":"https:\/\/iceberg.udg.edu\/?p=14050","title":{"rendered":"Crida a presentaci\u00f3 de propostes &#8211; SEFI 2022 (UPC)"},"content":{"rendered":"\n<p>Amb el tema \u201c<strong>Towards a new future in engineering education<\/strong>\u201d, est\u00e0 oberta la crida a presentar propostes al 50\u00e8 congr\u00e9s anual de l\u2019associaci\u00f3 SEFI, la European Society for Engineering Education, que se celebrar\u00e0 a Barcelona del 19 al 22 de setembre de 2022, acollit per la Universitat Polit\u00e8cnica de Catalunya.<\/p>\n\n\n\n<p>L\u2019enfocament del congr\u00e9s tractar\u00e0 temes diversos entorn de la formaci\u00f3 universit\u00e0ria a les enginyeries. I posar\u00e0 especial \u00e8mfasi en els escenaris que s\u2019obren amb les aliances europees d\u2019universitats tecnol\u00f2giques.<\/p>\n\n\n\n<p>El congr\u00e9s se sost\u00e9 en la dilatada experi\u00e8ncia en temes de desenvolupament educatiu dels membres de l\u2019associaci\u00f3 i dels seus grups de treball tem\u00e0tics (<a rel=\"noreferrer noopener\" href=\"https:\/\/www.sefi.be\/activities\/special-interest-groups\/\" target=\"_blank\">SEFI Special Interest Groups<\/a>).<\/p>\n\n\n\n<p>Des de l\u2019ICE doncs, fem una crida a preparar propostes per al congr\u00e9s SEFI 2022, que es podran presentar fins al 19 de mar\u00e7 del 2022.<\/p>\n\n\n\n<p><strong><a href=\"https:\/\/sefi2022.eu\/frontal\/Submission.asp\" target=\"_blank\" rel=\"noreferrer noopener\">Crida a presentar propostes al congr\u00e9s SEFI 2022<\/a><\/strong><\/p>\n","protected":false},"excerpt":{"rendered":"<p>Amb el tema \u201cTowards a new future in engineering education\u201d, est\u00e0 oberta la crida a presentar propostes al 50\u00e8 congr\u00e9s anual de l\u2019associaci\u00f3 SEFI, la European Society for Engineering Education, que se celebrar\u00e0 a Barcelona del 19 al 22 de setembre de 2022, acollit per la Universitat Polit\u00e8cnica de Catalunya.<\/p>\n","protected":false},"author":1,"featured_media":14051,"comment_status":"open","ping_status":"closed","sticky":false,"template":"","format":"standard","meta":{"footnotes":""},"categories":[27],"tags":[],"class_list":["post-14050","post","type-post","status-publish","format-standard","has-post-thumbnail","hentry","category-altres-propostes"],"_links":{"self":[{"href":"https:\/\/iceberg.udg.edu\/index.php?rest_route=\/wp\/v2\/posts\/14050","targetHints":{"allow":["GET"]}}],"collection":[{"href":"https:\/\/iceberg.udg.edu\/index.php?rest_route=\/wp\/v2\/posts"}],"about":[{"href":"https:\/\/iceberg.udg.edu\/index.php?rest_route=\/wp\/v2\/types\/post"}],"author":[{"embeddable":true,"href":"https:\/\/iceberg.udg.edu\/index.php?rest_route=\/wp\/v2\/users\/1"}],"replies":[{"embeddable":true,"href":"https:\/\/iceberg.udg.edu\/index.php?rest_route=%2Fwp%2Fv2%2Fcomments&post=14050"}],"version-history":[{"count":1,"href":"https:\/\/iceberg.udg.edu\/index.php?rest_route=\/wp\/v2\/posts\/14050\/revisions"}],"predecessor-version":[{"id":14052,"href":"https:\/\/iceberg.udg.edu\/index.php?rest_route=\/wp\/v2\/posts\/14050\/revisions\/14052"}],"wp:featuredmedia":[{"embeddable":true,"href":"https:\/\/iceberg.udg.edu\/index.php?rest_route=\/wp\/v2\/media\/14051"}],"wp:attachment":[{"href":"https:\/\/iceberg.udg.edu\/index.php?rest_route=%2Fwp%2Fv2%2Fmedia&parent=14050"}],"wp:term":[{"taxonomy":"category","embeddable":true,"href":"https:\/\/iceberg.udg.edu\/index.php?rest_route=%2Fwp%2Fv2%2Fcategories&post=14050"},{"taxonomy":"post_tag","embeddable":true,"href":"https:\/\/iceberg.udg.edu\/index.php?rest_route=%2Fwp%2Fv2%2Ftags&post=14050"}],"curies":[{"name":"wp","href":"https:\/\/api.w.org\/{rel}","templated":true}]}}