{"id":14340,"date":"2022-03-21T10:20:00","date_gmt":"2022-03-21T09:20:00","guid":{"rendered":"https:\/\/icebergng.udg.edu\/?p=14340"},"modified":"2022-03-21T10:20:02","modified_gmt":"2022-03-21T09:20:02","slug":"introduccio-a-laprenentatge-basat-en-problemes-teoria-i-practica-3","status":"publish","type":"post","link":"https:\/\/iceberg.udg.edu\/?p=14340","title":{"rendered":"Introducci\u00f3 a l&#8217;Aprenentatge Basat en Problemes: teoria i pr\u00e0ctica"},"content":{"rendered":"\n<p><strong>Calendari:<\/strong><\/p>\n\n\n\n<ul class=\"wp-block-list\"><li>21 d\u2019abril de 12h a 14h: primera sessi\u00f3 presencial virtual<\/li><li>28 d\u2019abril de 12h a 14h: segona sessi\u00f3 presencial virtual<\/li><li>Del 29 d\u2019abril al 25 de maig: per\u00edode de treball no presencial<\/li><li>25 de maig: termini de lliurament de la tasca d\u2019observaci\u00f3 i an\u00e0lisi<\/li><li>26 de maig de 12h a 14h: sessi\u00f3 presencial virtual de posta en com\u00fa i debat final<\/li><\/ul>\n\n\n\n<p><strong>A c\u00e0rrec de<\/strong>: Helena Benito i Carles Rostan, membres de la XID ABP de l&#8217;ICE J. Pallach,\u00a0Xavier Castells, de la Facultat de Medicina i Conxi Fuentes, de la Facultat d&#8217;Infermeria.<\/p>\n\n\n\n<p><strong>Programa:<\/strong><\/p>\n\n\n\n<p><strong>a) Sessions introduct\u00f2ries presencials\u00a0<br>\u2022 Primera sessi\u00f3 (21 d\u2019abril de 12h a 14h):<\/strong><br>&#8211; Introducci\u00f3 general a la metodologia ABP. Perqu\u00e8 utilitzar l\u2019ABP?<br>&#8211; El paper del tutor<br>\u2022\u00a0<strong>Segona sessi\u00f3 (28 d\u2019abril de 12h a 14h):<\/strong><br>&#8211; Com es redacta un cas d\u2019ABP<br>&#8211; Avaluaci\u00f3 de les sessions ABP<\/p>\n\n\n\n<p><strong>b) Per\u00edode de treball no presencial: observaci\u00f3 de sessions ABP a trav\u00e9s del visionat d\u2019enregistraments realitzats a la Facultat de Medicina i a la Facultat d\u2019Infermeria<\/strong><br>A trav\u00e9s de la plataforma MOODLE els participants podran visionar tres sessions d\u2019ABP enregistrades a les aules de la Facultat de Medicina.\u00a0Cada v\u00eddeo t\u00e9 una durada d\u2019uns 15 -20 minuts. Per tal de facilitar una observaci\u00f3 activa, els participants comptaran amb una r\u00fabrica d\u2019avaluaci\u00f3 que hauran de respondre en base a l\u2019observaci\u00f3 d\u2019un dels estudiants enregistrats en algun dels quatre v\u00eddeos.\u00a0<br>Caldr\u00e0 lliurar aquesta tasca per poder certificar l\u2019activitat.<br><strong>Termini de lliurament de la tasca:<\/strong>\u00a025 de maig de 2021<\/p>\n\n\n\n<p><strong>c) Sessi\u00f3 presencial de posta en com\u00fa i debat final (26 de maig de 12 a 14h)<\/strong><br>En aquesta sessi\u00f3 s\u2019analitzaran les observacions fetes i es debatran aspectes concrets referits a l\u2019aplicaci\u00f3 del m\u00e8tode ABP (dificultats, pros i contres&#8230;), aix\u00ed com q\u00fcestions que s\u2019hagin generat al llarg del taller.\u00a0<\/p>\n\n\n\n<p><a rel=\"noreferrer noopener\" href=\"https:\/\/apps.udg.edu\/MAU\/ice\/Client\/Oferta\/Detall\/5437?apart=0\" target=\"_blank\">M\u00e9s informaci\u00f3 i inscripcions<\/a><\/p>\n","protected":false},"excerpt":{"rendered":"<p>L\u2019Aprenentatge Basat en Problemes \u00e9s una de les metodologies actives amb m\u00e9s pres\u00e8ncia a la Universitat de Girona. L&#8217;objectiu d&#8217;aquesta formaci\u00f3 \u00e9s oferir al professorat interessat una aproximaci\u00f3 pr\u00e0ctica a aquesta metodologia i a les diferents possibilitats d\u2019aplicaci\u00f3.\t\t<\/p>\n","protected":false},"author":1,"featured_media":12649,"comment_status":"open","ping_status":"closed","sticky":false,"template":"","format":"standard","meta":{"footnotes":""},"categories":[20],"tags":[],"class_list":["post-14340","post","type-post","status-publish","format-standard","has-post-thumbnail","hentry","category-activitats"],"_links":{"self":[{"href":"https:\/\/iceberg.udg.edu\/index.php?rest_route=\/wp\/v2\/posts\/14340","targetHints":{"allow":["GET"]}}],"collection":[{"href":"https:\/\/iceberg.udg.edu\/index.php?rest_route=\/wp\/v2\/posts"}],"about":[{"href":"https:\/\/iceberg.udg.edu\/index.php?rest_route=\/wp\/v2\/types\/post"}],"author":[{"embeddable":true,"href":"https:\/\/iceberg.udg.edu\/index.php?rest_route=\/wp\/v2\/users\/1"}],"replies":[{"embeddable":true,"href":"https:\/\/iceberg.udg.edu\/index.php?rest_route=%2Fwp%2Fv2%2Fcomments&post=14340"}],"version-history":[{"count":4,"href":"https:\/\/iceberg.udg.edu\/index.php?rest_route=\/wp\/v2\/posts\/14340\/revisions"}],"predecessor-version":[{"id":14352,"href":"https:\/\/iceberg.udg.edu\/index.php?rest_route=\/wp\/v2\/posts\/14340\/revisions\/14352"}],"wp:featuredmedia":[{"embeddable":true,"href":"https:\/\/iceberg.udg.edu\/index.php?rest_route=\/wp\/v2\/media\/12649"}],"wp:attachment":[{"href":"https:\/\/iceberg.udg.edu\/index.php?rest_route=%2Fwp%2Fv2%2Fmedia&parent=14340"}],"wp:term":[{"taxonomy":"category","embeddable":true,"href":"https:\/\/iceberg.udg.edu\/index.php?rest_route=%2Fwp%2Fv2%2Fcategories&post=14340"},{"taxonomy":"post_tag","embeddable":true,"href":"https:\/\/iceberg.udg.edu\/index.php?rest_route=%2Fwp%2Fv2%2Ftags&post=14340"}],"curies":[{"name":"wp","href":"https:\/\/api.w.org\/{rel}","templated":true}]}}