{"id":14913,"date":"2022-07-20T10:43:53","date_gmt":"2022-07-20T08:43:53","guid":{"rendered":"https:\/\/icebergng.udg.edu\/?p=14913"},"modified":"2022-09-07T09:56:10","modified_gmt":"2022-09-07T07:56:10","slug":"enquesta-de-deteccio-de-necessitats-formatives-del-pdi-pel-curs-2022-23","status":"publish","type":"post","link":"https:\/\/iceberg.udg.edu\/?p=14913","title":{"rendered":"Enquesta de detecci\u00f3 de necessitats formatives del PDI per al curs 2022-23"},"content":{"rendered":"\n<p>Com \u00e9s habitual, la Universitat de Girona vol recollir les vostres demandes, propostes i suggeriments per tal de tenir-les en compte en la definici\u00f3 del Pla de Formaci\u00f3 del PDI per al curs vinent. <\/p>\n\n\n\n<p>Hi podeu accedir clicant&nbsp;<a href=\"https:\/\/enquestes.udg.edu\/index.php\/538555\" target=\"_blank\" rel=\"noreferrer noopener\"><strong>aqu\u00ed<\/strong><\/a>. (Temps de resposta aproximat: entre 5 minuts i 10 minuts)<\/p>\n\n\n\n<p>Al llarg d\u2019aquest curs que acabem hem repr\u00e8s activitats de formaci\u00f3 i sessions de treball en format presencial tot i que tamb\u00e9 n\u2019hem mantingut de virtuals i n\u2019hem introdu\u00eft d\u2019altres de semipresencials. Certament, el repte \u00e9s, ara m\u00e9s que mai, aprofitar de cada un d\u2019aquests formats les millors virtuts i potencialitats per treure el m\u00e0xim profit de cada experi\u00e8ncia formativa. Aquest ser\u00e0 el nostre objectiu de cara al proper curs.<\/p>\n\n\n\n<p>En la primera part d\u2019aquesta enquesta se sol\u00b7liciten dades generals, en la segona es demana quines activitats de formaci\u00f3 i actualitzaci\u00f3 us interessaria fer (tant en l\u2019\u00e0mbit docent, com en el de recerca i gesti\u00f3, seguretat i salut, i responsabilitat social) i, en la tercera part, es demana quin \u00e9s el vostre inter\u00e8s en relaci\u00f3 a processos d&#8217;innovaci\u00f3 a partir de Xarxes i de Grups d&#8217;Innovaci\u00f3 Docent.<\/p>\n\n\n\n<p>Les vostres respostes i comentaris ajudaran a planificar les accions formatives del curs vinent 2022-23.<\/p>\n\n\n\n<p>Moltes gr\u00e0cies per la vostra col\u00b7laboraci\u00f3! <\/p>\n","protected":false},"excerpt":{"rendered":"<p>Com \u00e9s habitual, la Universitat de Girona vol recollir les vostres demandes, propostes i suggeriments per tal de tenir-les en compte en la definici\u00f3 del Pla de Formaci\u00f3 del PDI per al curs vinent. Hi podeu accedir clicant\u00a0aqu\u00ed. (Temps de resposta aproximat: entre 5 minuts i 10 minuts)<\/p>\n","protected":false},"author":1,"featured_media":13439,"comment_status":"open","ping_status":"closed","sticky":false,"template":"","format":"standard","meta":{"footnotes":""},"categories":[23],"tags":[],"class_list":["post-14913","post","type-post","status-publish","format-standard","has-post-thumbnail","hentry","category-noticies"],"_links":{"self":[{"href":"https:\/\/iceberg.udg.edu\/index.php?rest_route=\/wp\/v2\/posts\/14913","targetHints":{"allow":["GET"]}}],"collection":[{"href":"https:\/\/iceberg.udg.edu\/index.php?rest_route=\/wp\/v2\/posts"}],"about":[{"href":"https:\/\/iceberg.udg.edu\/index.php?rest_route=\/wp\/v2\/types\/post"}],"author":[{"embeddable":true,"href":"https:\/\/iceberg.udg.edu\/index.php?rest_route=\/wp\/v2\/users\/1"}],"replies":[{"embeddable":true,"href":"https:\/\/iceberg.udg.edu\/index.php?rest_route=%2Fwp%2Fv2%2Fcomments&post=14913"}],"version-history":[{"count":5,"href":"https:\/\/iceberg.udg.edu\/index.php?rest_route=\/wp\/v2\/posts\/14913\/revisions"}],"predecessor-version":[{"id":15085,"href":"https:\/\/iceberg.udg.edu\/index.php?rest_route=\/wp\/v2\/posts\/14913\/revisions\/15085"}],"wp:featuredmedia":[{"embeddable":true,"href":"https:\/\/iceberg.udg.edu\/index.php?rest_route=\/wp\/v2\/media\/13439"}],"wp:attachment":[{"href":"https:\/\/iceberg.udg.edu\/index.php?rest_route=%2Fwp%2Fv2%2Fmedia&parent=14913"}],"wp:term":[{"taxonomy":"category","embeddable":true,"href":"https:\/\/iceberg.udg.edu\/index.php?rest_route=%2Fwp%2Fv2%2Fcategories&post=14913"},{"taxonomy":"post_tag","embeddable":true,"href":"https:\/\/iceberg.udg.edu\/index.php?rest_route=%2Fwp%2Fv2%2Ftags&post=14913"}],"curies":[{"name":"wp","href":"https:\/\/api.w.org\/{rel}","templated":true}]}}