{"id":15698,"date":"2023-01-16T09:48:16","date_gmt":"2023-01-16T08:48:16","guid":{"rendered":"https:\/\/icebergng.udg.edu\/?p=15698"},"modified":"2023-01-16T14:02:30","modified_gmt":"2023-01-16T13:02:30","slug":"docencia-universitaria-formacio-inicial-dufi-formacio-semipresencial","status":"publish","type":"post","link":"https:\/\/iceberg.udg.edu\/?p=15698","title":{"rendered":"Doc\u00e8ncia Universit\u00e0ria: formaci\u00f3 inicial (DUFI) [Formaci\u00f3 h\u00edbrida]"},"content":{"rendered":"\n<p>Amb aquest espai es pret\u00e9n facilitar una formaci\u00f3 inicial al professorat que s\u2019ha incorporat recentment a la UdG per tal que disposi d\u2019un coneixement general de l\u2019entorn de la UdG i d\u2019eines i estrat\u00e8gies b\u00e0siques per impartir doc\u00e8ncia a la Universitat de Girona.<\/p>\n\n\n\n<p class=\"has-medium-font-size\">Per facilitar la realitzaci\u00f3 de la formaci\u00f3, s\u2019ofereixen 2 itineraris possibles:<\/p>\n\n\n\n<p class=\"has-medium-font-size\"><strong>Itinerari A:<\/strong> la formaci\u00f3 DUFI es realitza en una \u00fanica etapa. Es realitzen i superen les tres unitats del M\u00f2dul Institucional i les quatre unitats del M\u00f2dul Docent en un mateix curs.<\/p>\n\n\n\n<p class=\"has-medium-font-size\"><strong>Itinerari B:<\/strong> la formaci\u00f3 DUFI es realitza en dues etapes. En la 1a etapa es realitzen i superen dins del mateix curs acad\u00e8mic les tres unitats del M\u00f2dul Institucional i la primera unitat del M\u00f2dul Docent. La 2a etapa es realitza el curs seg\u00fcent en el qual cal realitzar la resta d\u2019unitats del M\u00f2dul Docent (Unitats 5 a 8).<\/p>\n\n\n\n<p> <\/p>\n\n\n\n<p class=\"has-medium-font-size\"><strong>A c\u00e0rrec de: <\/strong>Professorat de la Universitat de Girona i professorat extern<\/p>\n\n\n\n<p class=\"has-medium-font-size\"><strong>Organitza:&nbsp;<\/strong>Institut de Ci\u00e8ncies de l\u2019Educaci\u00f3 Josep Pallach<\/p>\n\n\n\n<p class=\"has-medium-font-size\"><strong>Calendari: <\/strong>Del&nbsp;13 de febrer al 30 de juny de 2023  <\/p>\n\n\n\n<p class=\"has-medium-font-size\"><strong>Localitzaci\u00f3: <\/strong>La formaci\u00f3 inclou sessions presencials, telepresencials i treball personal a trav\u00e9s de Moodle.<br><br>Les sessions presencials es duran a terme al Parc Cient\u00edfic i Tecnol\u00f2gic de la UdG (Auditori de l\u2019edifici Centre d\u2019Empreses \u2013 Giroempr\u00e8n). Per a les sessions telepresencials s\u2019informar\u00e0 amb antelaci\u00f3 de la plataforma i enlla\u00e7 de connexi\u00f3.<\/p>\n\n\n\n<p> <\/p>\n\n\n\n<hr class=\"wp-block-separator has-alpha-channel-opacity\"\/>\n\n\n\n<h2 class=\"wp-block-heading\">Programa itinerari A: <\/h2>\n\n\n\n<p class=\"has-medium-font-size\"><strong>M\u00f2dul Institucional<br><\/strong><\/p>\n\n\n\n<ul class=\"has-medium-font-size wp-block-list\"><li>Unitat 1: Informacions institucionals sobre la UdG&nbsp;<\/li><\/ul>\n\n\n\n<ul class=\"has-medium-font-size wp-block-list\"><li>Unitat 2: Serveis i unitats de la UdG<\/li><\/ul>\n\n\n\n<ul class=\"has-medium-font-size wp-block-list\"><li>Unitat 3: Gesti\u00f3 de la doc\u00e8ncia a la UdG<\/li><\/ul>\n\n\n\n<p class=\"has-medium-font-size\"><strong>M\u00f2dul Docent<\/strong><\/p>\n\n\n\n<ul class=\"has-medium-font-size wp-block-list\"><li>Unitat 4: Com fer classe a la universitat&nbsp;<\/li><\/ul>\n\n\n\n<ul class=\"has-medium-font-size wp-block-list\"><li>Unitat 5: Relacions en l\u2019ecosistema docent<\/li><\/ul>\n\n\n\n<ul class=\"has-medium-font-size wp-block-list\"><li>Unitat 6: Metodologies actives a la UdG<\/li><\/ul>\n\n\n\n<ul class=\"has-medium-font-size wp-block-list\"><li>Unitat 7: Estrat\u00e8gies d\u2019avaluaci\u00f3&nbsp; &nbsp;<\/li><\/ul>\n\n\n\n<ul class=\"has-medium-font-size wp-block-list\"><li>Unitat 8: Recursos digitals per a la doc\u00e8ncia<\/li><\/ul>\n\n\n\n<p class=\"has-medium-font-size\"><strong> Total hores:<\/strong>&nbsp;35<\/p>\n\n\n\n<hr class=\"wp-block-separator has-alpha-channel-opacity\"\/>\n\n\n\n<h2 class=\"wp-block-heading\">Programa Itinerari B:<\/h2>\n\n\n\n<p class=\"has-medium-font-size\"><strong>M\u00f2dul Institucional<\/strong><\/p>\n\n\n\n<ul class=\"has-medium-font-size wp-block-list\"><li>Unitat 1: Informacions institucionals sobre la UdG&nbsp;<\/li><\/ul>\n\n\n\n<ul class=\"has-medium-font-size wp-block-list\"><li>Unitat 2: Serveis i unitats de la UdG<\/li><\/ul>\n\n\n\n<ul class=\"has-medium-font-size wp-block-list\"><li>Unitat 3: Gesti\u00f3 de la doc\u00e8ncia a la UdG<\/li><\/ul>\n\n\n\n<p class=\"has-medium-font-size\"><strong>M\u00f2dul Docent<br><\/strong><br>(En l\u2019itinerari B, la unitat que cal realitzar del M\u00f2dul Docent \u00e9s la Unitat 4)<\/p>\n\n\n\n<ul class=\"has-medium-font-size wp-block-list\"><li>Unitat 4: Com fer classe a la universitat<\/li><\/ul>\n\n\n\n<p class=\"has-medium-font-size\"><br><strong>Total hores:&nbsp;<\/strong>14&nbsp;<\/p>\n\n\n\n<p>(La resta d&#8217;unitats del M\u00f2dul Docent (Unitats 5 a 8) es realitzen el curs seg\u00fcent)<\/p>\n\n\n\n<p> <\/p>\n\n\n\n<p class=\"has-medium-font-size\"><a href=\"https:\/\/apps.udg.edu\/MAU\/ice\/Client\/Oferta\/Detall\/12070?apart=0\" data-type=\"URL\" data-id=\"https:\/\/apps.udg.edu\/MAU\/ice\/Client\/Oferta\/Detall\/12070?apart=0\" target=\"_blank\" rel=\"noreferrer noopener\">M\u00e9s informaci\u00f3 i inscripcions <\/a><\/p>\n","protected":false},"excerpt":{"rendered":"<p>Amb aquest espai es pret\u00e9n facilitar una formaci\u00f3 inicial al professorat que s\u2019ha incorporat recentment a la UdG per tal que disposi d\u2019un coneixement general de l\u2019entorn de la UdG i d\u2019eines i estrat\u00e8gies b\u00e0siques per impartir doc\u00e8ncia a la Universitat de Girona. Per facilitar la realitzaci\u00f3 de la formaci\u00f3, s\u2019ofereixen 2 itineraris possibles: Itinerari [&hellip;]<\/p>\n","protected":false},"author":1,"featured_media":15721,"comment_status":"open","ping_status":"closed","sticky":false,"template":"","format":"standard","meta":{"footnotes":""},"categories":[20],"tags":[],"class_list":["post-15698","post","type-post","status-publish","format-standard","has-post-thumbnail","hentry","category-activitats"],"_links":{"self":[{"href":"https:\/\/iceberg.udg.edu\/index.php?rest_route=\/wp\/v2\/posts\/15698","targetHints":{"allow":["GET"]}}],"collection":[{"href":"https:\/\/iceberg.udg.edu\/index.php?rest_route=\/wp\/v2\/posts"}],"about":[{"href":"https:\/\/iceberg.udg.edu\/index.php?rest_route=\/wp\/v2\/types\/post"}],"author":[{"embeddable":true,"href":"https:\/\/iceberg.udg.edu\/index.php?rest_route=\/wp\/v2\/users\/1"}],"replies":[{"embeddable":true,"href":"https:\/\/iceberg.udg.edu\/index.php?rest_route=%2Fwp%2Fv2%2Fcomments&post=15698"}],"version-history":[{"count":16,"href":"https:\/\/iceberg.udg.edu\/index.php?rest_route=\/wp\/v2\/posts\/15698\/revisions"}],"predecessor-version":[{"id":15875,"href":"https:\/\/iceberg.udg.edu\/index.php?rest_route=\/wp\/v2\/posts\/15698\/revisions\/15875"}],"wp:featuredmedia":[{"embeddable":true,"href":"https:\/\/iceberg.udg.edu\/index.php?rest_route=\/wp\/v2\/media\/15721"}],"wp:attachment":[{"href":"https:\/\/iceberg.udg.edu\/index.php?rest_route=%2Fwp%2Fv2%2Fmedia&parent=15698"}],"wp:term":[{"taxonomy":"category","embeddable":true,"href":"https:\/\/iceberg.udg.edu\/index.php?rest_route=%2Fwp%2Fv2%2Fcategories&post=15698"},{"taxonomy":"post_tag","embeddable":true,"href":"https:\/\/iceberg.udg.edu\/index.php?rest_route=%2Fwp%2Fv2%2Ftags&post=15698"}],"curies":[{"name":"wp","href":"https:\/\/api.w.org\/{rel}","templated":true}]}}