{"id":16235,"date":"2023-05-03T11:00:12","date_gmt":"2023-05-03T09:00:12","guid":{"rendered":"https:\/\/icebergng.udg.edu\/?p=16235"},"modified":"2023-05-05T09:45:02","modified_gmt":"2023-05-05T07:45:02","slug":"introduccio-a-laprenentatge-basat-en-problemes-teoria-i-practica-presencial","status":"publish","type":"post","link":"https:\/\/iceberg.udg.edu\/?p=16235","title":{"rendered":"Introducci\u00f3 a l&#8217;Aprenentatge Basat en Problemes: teoria i pr\u00e0ctica [Presencial]"},"content":{"rendered":"\n<p><em>Activitat adre\u00e7ada al PDI de la UdG. Inclosa en el Pla Marc de Formaci\u00f3 del Personal Docent i Investigador.<br><\/em><br><strong>Presentaci\u00f3:<\/strong>&nbsp;<br>L\u2019Aprenentatge Basat en Problemes \u00e9s una de les metodologies actives amb m\u00e9s pres\u00e8ncia a la Universitat de Girona.&nbsp;<\/p>\n\n\n\n<p>D\u2019una banda, fa m\u00e9s de deu anys que la Facultat d\u2019Infermeria va fer una aposta de centre per introduir aquesta metodologia en els seus estudis. Des de llavors, totes les assignatures d\u2019aquesta facultat inclouen una part d\u2019ABP que els estudiants realitzen en petits grups.&nbsp;D\u2019altra banda, l\u2019ABP \u00e9s l\u2019estrat\u00e8gia b\u00e0sica a la Facultat de Medicina des de la seva creaci\u00f3; s\u2019hi implementa al cent per cent en tots els cursos i hi est\u00e0 plenament institucionalitzada.&nbsp;Finalment, des de fa m\u00e9s de deu anys, tamb\u00e9, existeix a la UdG la Xarxa d\u2019Innovaci\u00f3 Docent sobre ABP, impulsada des de l\u2019ICE&nbsp; J. Pallach. Aplega un grup de professors de diferents centres de la UdG que, a m\u00e9s d\u2019implementar a t\u00edtol individual aquesta metodologia en alguna de les seves assignatures, duen a terme un treball d\u2019estudi i reflexi\u00f3 sobre la seva aplicaci\u00f3 en l\u2019\u00e0mbit universitari.&nbsp;<\/p>\n\n\n\n<p>Partint de l\u2019experi\u00e8ncia de tots aquests agents, s\u2019organitza des del 2017 aquesta activitat formativa de manera conjunta entre totes les parts involucrades en el desenvolupament de l\u2019ABP a la UdG. L\u2019objectiu \u00e9s oferir al professorat interessat una aproximaci\u00f3 principalment pr\u00e0ctica i vivencial a aquesta metodologia i a les diferents possibilitats d\u2019aplicaci\u00f3.&nbsp;<\/p>\n\n\n\n<p><strong>Organitza:&nbsp;<\/strong>Institut de Ci\u00e8ncies de l&#8217;Educaci\u00f3 Josep Pallach, Facultat de Medicina, Facultat d&#8217;Infermeria i XID sobre Aprenentatge Basat en Problemes<\/p>\n\n\n\n<p><strong>A c\u00e0rrec de:<\/strong> Helena Benito (XID Aprenentatge Basat en Problemes), Anna Ma. Bofill (Facultat de Medicina), Concepci\u00f3 Fuentes (Facultat d&#8217;Infermeria), Carles Rost\u00e1n (XID Aprenentatge Basat en Problemes)<\/p>\n\n\n\n<p><strong> <\/strong><\/p>\n\n\n\n<p><strong>Calendari:  <\/strong><\/p>\n\n\n\n<ul class=\"wp-block-list\">\n<li><strong>24 de maig<\/strong>&nbsp;de 12h a 14h:&nbsp;primera sessi\u00f3 presencial&nbsp;<\/li>\n\n\n\n<li><strong>31 de maig<\/strong>&nbsp;de 12h a 14h: segona sessi\u00f3 presencial<\/li>\n\n\n\n<li><strong>De l\u20191 al 20 de juny de 2023:<\/strong>&nbsp;per\u00edode de treball en l\u00ednia a Moodle&nbsp;<\/li>\n\n\n\n<li><strong>20 de juny:&nbsp;<\/strong>termini de lliurament de la tasca d\u2019observaci\u00f3 i an\u00e0lisi<\/li>\n\n\n\n<li><strong>28 de juny&nbsp;<\/strong>de 12h a 14h:&nbsp;sessi\u00f3 presencial de posada en com\u00fa i debat final<br><\/li>\n<\/ul>\n\n\n\n<p><strong>Total: <\/strong>10 hores<\/p>\n\n\n\n<p><strong>Localitzaci\u00f3: <\/strong>Aula de formaci\u00f3 de l&#8217;ICE Josep Pallach (Parc Cient\u00edfic i Tecnol\u00f2gic. Edifici Jaume Casademont, porta B, 1r pis)<\/p>\n\n\n\n<hr class=\"wp-block-separator has-alpha-channel-opacity\"\/>\n\n\n\n<p><strong>Programa:<\/strong><\/p>\n\n\n\n<p><strong>a) Sessions introduct\u00f2ries presencials&nbsp;<br><\/strong>\u2022 Primera sessi\u00f3 (24 de maig de 12h a 14h):<strong><br><\/strong>  Introducci\u00f3 general a la metodologia ABP. Perqu\u00e8 utilitzar l\u2019ABP?<br>  El paper del tutor<\/p>\n\n\n\n<p>\u2022 Segona sessi\u00f3 (31 de maig de 12h a 14h):<br>  Com es redacta un cas d\u2019ABP<br>  Avaluaci\u00f3 de les sessions ABP<\/p>\n\n\n\n<p><strong>b) Per\u00edode de treball no presencial: observaci\u00f3 de sessions ABP a trav\u00e9s del visionat d\u2019enregistraments realitzats a la Facultat de Medicina i a la Facultat d\u2019Infermeria (de l&#8217;1 al 20 de juny)<\/strong><\/p>\n\n\n\n<p><strong>c) Sessi\u00f3 presencial de posada en com\u00fa i debat final (28 de juny de 12 a 14\u202fh)<\/strong><\/p>\n\n\n\n<p>En aquesta sessi\u00f3 s\u2019analitzaran les observacions fetes i es debatran aspectes concrets referits a l\u2019aplicaci\u00f3 del m\u00e8tode ABP (dificultats, pros i contres&#8230;), aix\u00ed com q\u00fcestions que s\u2019hagin generat al llarg del taller.&nbsp;<\/p>\n\n\n\n<hr class=\"wp-block-separator has-alpha-channel-opacity\"\/>\n\n\n\n<p><strong>Matr\u00edcula<\/strong>: Del 2 de maig fins al 18 de maig<\/p>\n\n\n\n<p><a href=\"https:\/\/apps.udg.edu\/MAU\/ice\/Client\/Oferta\/Detall\/5437?apart=0\" data-type=\"URL\" target=\"_blank\" rel=\"noreferrer noopener\">M\u00e9s informaci\u00f3 i matr\u00edcula<\/a><\/p>\n","protected":false},"excerpt":{"rendered":"<p>L\u2019Aprenentatge Basat en Problemes \u00e9s una de les metodologies actives amb m\u00e9s pres\u00e8ncia a la Universitat de Girona.\u00a0<\/p>\n<p>Activitat formativa de manera conjunta entre totes les parts involucrades en el desenvolupament de l\u2019ABP a la UdG. L\u2019objectiu \u00e9s oferir al professorat interessat una aproximaci\u00f3 principalment pr\u00e0ctica i vivencial a aquesta metodologia i a les diferents possibilitats d\u2019aplicaci\u00f3.<\/p>\n","protected":false},"author":1,"featured_media":16248,"comment_status":"open","ping_status":"closed","sticky":false,"template":"","format":"standard","meta":{"footnotes":""},"categories":[21],"tags":[],"class_list":["post-16235","post","type-post","status-publish","format-standard","has-post-thumbnail","hentry","category-uncategorized"],"_links":{"self":[{"href":"https:\/\/iceberg.udg.edu\/index.php?rest_route=\/wp\/v2\/posts\/16235","targetHints":{"allow":["GET"]}}],"collection":[{"href":"https:\/\/iceberg.udg.edu\/index.php?rest_route=\/wp\/v2\/posts"}],"about":[{"href":"https:\/\/iceberg.udg.edu\/index.php?rest_route=\/wp\/v2\/types\/post"}],"author":[{"embeddable":true,"href":"https:\/\/iceberg.udg.edu\/index.php?rest_route=\/wp\/v2\/users\/1"}],"replies":[{"embeddable":true,"href":"https:\/\/iceberg.udg.edu\/index.php?rest_route=%2Fwp%2Fv2%2Fcomments&post=16235"}],"version-history":[{"count":12,"href":"https:\/\/iceberg.udg.edu\/index.php?rest_route=\/wp\/v2\/posts\/16235\/revisions"}],"predecessor-version":[{"id":16309,"href":"https:\/\/iceberg.udg.edu\/index.php?rest_route=\/wp\/v2\/posts\/16235\/revisions\/16309"}],"wp:featuredmedia":[{"embeddable":true,"href":"https:\/\/iceberg.udg.edu\/index.php?rest_route=\/wp\/v2\/media\/16248"}],"wp:attachment":[{"href":"https:\/\/iceberg.udg.edu\/index.php?rest_route=%2Fwp%2Fv2%2Fmedia&parent=16235"}],"wp:term":[{"taxonomy":"category","embeddable":true,"href":"https:\/\/iceberg.udg.edu\/index.php?rest_route=%2Fwp%2Fv2%2Fcategories&post=16235"},{"taxonomy":"post_tag","embeddable":true,"href":"https:\/\/iceberg.udg.edu\/index.php?rest_route=%2Fwp%2Fv2%2Ftags&post=16235"}],"curies":[{"name":"wp","href":"https:\/\/api.w.org\/{rel}","templated":true}]}}