{"id":16254,"date":"2023-05-03T11:30:14","date_gmt":"2023-05-03T09:30:14","guid":{"rendered":"https:\/\/icebergng.udg.edu\/?p=16254"},"modified":"2023-05-16T10:08:02","modified_gmt":"2023-05-16T08:08:02","slug":"tallers-de-formacio-sobre-la-internacionalitzacio-del-curriculum-telepresencials","status":"publish","type":"post","link":"https:\/\/iceberg.udg.edu\/?p=16254","title":{"rendered":"Tallers de formaci\u00f3 sobre la Internacionalitzaci\u00f3 del curr\u00edculum [Telepresencials]"},"content":{"rendered":"\n<p><em>Activitat adre\u00e7ada al PDI de la UdG. Inclosa en el Pla Marc de Formaci\u00f3 del Personal Docent i Investigador<\/em><\/p>\n\n\n\n<p>T&#8217;interessa treballar estrat\u00e8gies d&#8217;internacionalitzaci\u00f3 del curr\u00edculum i con\u00e8ixer eines d\u2019internacionalitzaci\u00f3 concretes per aplicar directament en el disseny de les teves assignatures?<\/p>\n\n\n\n<p>Et proposem 2 tallers on es presentaran eines per gestionar la diversitat acad\u00e8mica i cultural per fomentar espais d\u2019aprenentatge inclusius i en les que s\u2019analitzaran els reptes i oportunitats que es presenten en una aula intercultural.<\/p>\n\n\n\n<p><strong>Organitza:<\/strong>\u00a0Xarxa d&#8217;Innovaci\u00f3 Docent sobre Intercanvi Virtual i COIL, Institut de Ci\u00e8ncies de l&#8217;Educaci\u00f3 Josep Pallach,<\/p>\n\n\n\n<p><strong>A c\u00e0rrec de<\/strong>: Claudia Bulnes (Universitat de Ci\u00e8ncies Aplicades de La Haia) i Eva Haug (Universitat de Ci\u00e8ncies Aplicades d&#8217;Amsterdam) La sessi\u00f3 es realitzar\u00e0 en castell\u00e0.&nbsp;<\/p>\n\n\n\n<p><strong>Localitzaci\u00f3<\/strong>: Sessions virtuals. Es realitzaran amb la plataforma Zoom. <\/p>\n\n\n\n<hr class=\"wp-block-separator has-alpha-channel-opacity\"\/>\n\n\n\n<ul class=\"wp-block-list\">\n<li><strong>Taller 1:<\/strong> <strong>Estrat\u00e8gies d&#8217;internacionalitzaci\u00f3 curricular<\/strong><\/li>\n<\/ul>\n\n\n\n<p><strong>Calendari<\/strong>: 29 de juny de 2023 de 15:30 a 18:30\u202fh<\/p>\n\n\n\n<p><strong>Programa:<br><\/strong>En aquest primer taller es presentaran els conceptes d&#8217;internacionalitzaci\u00f3 i internacionalitzaci\u00f3 del curr\u00edculum. Els participants tindran l&#8217;oportunitat de col\u00b7laborar en la implementaci\u00f3 d&#8217;estrat\u00e8gies d&#8217;internacionalitzaci\u00f3 en les assignatures que imparteixen. <\/p>\n\n\n\n<p>Es recomana realitzar aquest Taller 1 <strong>Estrat\u00e8gies d&#8217;internacionalitzaci\u00f3 de l&#8217;assignatura<\/strong>&nbsp;abans del Taller 2.&nbsp;<\/p>\n\n\n\n<p><p><strong>Matr\u00edcula: <\/strong>Del 18 d&#8217;abril fins al 19 de juny. <\/p><p><a rel=\"noreferrer noopener\" href=\"https:\/\/apps.udg.edu\/MAU\/ice\/Client\/Oferta\/Detall\/7926?apart=0\" data-type=\"URL\" data-id=\"https:\/\/apps.udg.edu\/MAU\/ice\/Client\/Oferta\/Detall\/7926?apart=0\" target=\"_blank\">M\u00e9s informaci\u00f3 i matr\u00edcula<\/a><\/p><\/p>\n\n\n\n<hr class=\"wp-block-separator has-alpha-channel-opacity\"\/>\n\n\n\n<ul class=\"wp-block-list\">\n<li><strong>Taller 2<\/strong>: <strong>Estrat\u00e8gies d&#8217;internacionalitzaci\u00f3 curricular<\/strong><\/li>\n<\/ul>\n\n\n\n<p><strong>Calendari:<\/strong> 30 de juny de 2023 de 09:30 a 12:30\u202fh<\/p>\n\n\n\n<p><strong>Programa:<\/strong><\/p>\n\n\n\n<p>En el segon taller els participants exploraran reptes i oportunitats de l&#8217;aula intercultural i reflexionaran sobre la diversitat cultural de l&#8217;aula com a recurs per a la internacionalitzaci\u00f3. Seguint les fases del model educatiu de l&#8217;aula mixta desenvolupat per la Universitat Lliure d&#8217;Amsterdam, es presentaran eines que permeten la gesti\u00f3 de la diversitat acad\u00e8mica i cultural que fomenten espais d&#8217;aprenentatge segurs i inclusius. <\/p>\n\n\n\n<p>Es recomana realitzar el Taller 1 <strong>Estrat\u00e8gies d&#8217;internacionalitzaci\u00f3 de l&#8217;assignatura<\/strong>&nbsp;abans d&#8217;aquest Taller 2.&nbsp;<\/p>\n\n\n\n<p><strong>Matr\u00edcula:<\/strong> Del 18 d&#8217;abril fins al 19 de juny<\/p>\n\n\n\n<p><p><a rel=\"noreferrer noopener\" href=\"https:\/\/apps.udg.edu\/MAU\/ice\/Client\/Oferta\/Detall\/7926?apart=0\" data-type=\"URL\" data-id=\"https:\/\/apps.udg.edu\/MAU\/ice\/Client\/Oferta\/Detall\/7926?apart=0\" target=\"_blank\">M\u00e9s informaci\u00f3 i matr\u00edcula<\/a><\/p><\/p>\n","protected":false},"excerpt":{"rendered":"<p>T&#8217;interessa treballar estrat\u00e8gies d&#8217;internacionalitzaci\u00f3 del curr\u00edculum i con\u00e8ixer eines d\u2019internacionalitzaci\u00f3 concretes per aplicar directament en el disseny de les teves assignatures?<\/p>\n<p>Et proposem 2 tallers on es presentaran eines per gestionar la diversitat acad\u00e8mica i cultural per fomentar espais d\u2019aprenentatge inclusius i en les que s\u2019analitzaran els reptes i oportunitats que es presenten en una aula intercultural.<\/p>\n","protected":false},"author":1,"featured_media":16259,"comment_status":"open","ping_status":"closed","sticky":false,"template":"","format":"standard","meta":{"footnotes":""},"categories":[21],"tags":[],"class_list":["post-16254","post","type-post","status-publish","format-standard","has-post-thumbnail","hentry","category-uncategorized"],"_links":{"self":[{"href":"https:\/\/iceberg.udg.edu\/index.php?rest_route=\/wp\/v2\/posts\/16254","targetHints":{"allow":["GET"]}}],"collection":[{"href":"https:\/\/iceberg.udg.edu\/index.php?rest_route=\/wp\/v2\/posts"}],"about":[{"href":"https:\/\/iceberg.udg.edu\/index.php?rest_route=\/wp\/v2\/types\/post"}],"author":[{"embeddable":true,"href":"https:\/\/iceberg.udg.edu\/index.php?rest_route=\/wp\/v2\/users\/1"}],"replies":[{"embeddable":true,"href":"https:\/\/iceberg.udg.edu\/index.php?rest_route=%2Fwp%2Fv2%2Fcomments&post=16254"}],"version-history":[{"count":13,"href":"https:\/\/iceberg.udg.edu\/index.php?rest_route=\/wp\/v2\/posts\/16254\/revisions"}],"predecessor-version":[{"id":16472,"href":"https:\/\/iceberg.udg.edu\/index.php?rest_route=\/wp\/v2\/posts\/16254\/revisions\/16472"}],"wp:featuredmedia":[{"embeddable":true,"href":"https:\/\/iceberg.udg.edu\/index.php?rest_route=\/wp\/v2\/media\/16259"}],"wp:attachment":[{"href":"https:\/\/iceberg.udg.edu\/index.php?rest_route=%2Fwp%2Fv2%2Fmedia&parent=16254"}],"wp:term":[{"taxonomy":"category","embeddable":true,"href":"https:\/\/iceberg.udg.edu\/index.php?rest_route=%2Fwp%2Fv2%2Fcategories&post=16254"},{"taxonomy":"post_tag","embeddable":true,"href":"https:\/\/iceberg.udg.edu\/index.php?rest_route=%2Fwp%2Fv2%2Ftags&post=16254"}],"curies":[{"name":"wp","href":"https:\/\/api.w.org\/{rel}","templated":true}]}}