{"id":16392,"date":"2023-05-23T10:14:13","date_gmt":"2023-05-23T08:14:13","guid":{"rendered":"https:\/\/icebergng.udg.edu\/?p=16392"},"modified":"2023-05-23T10:14:15","modified_gmt":"2023-05-23T08:14:15","slug":"taller-udg-sobre-els-aspectes-etics-en-la-rdi","status":"publish","type":"post","link":"https:\/\/iceberg.udg.edu\/?p=16392","title":{"rendered":"Taller UdG sobre els aspectes \u00e8tics en la RDI"},"content":{"rendered":"\n<p><em>Si formes part de la comunitat UdG, apunta\u2019t al taller pr\u00e0ctic del divendres 26 de maig per con\u00e8ixer com abordar l\u2019aspecte \u00e8tic en una proposta Horizon Europe<\/em><\/p>\n\n\n\n<p> <\/p>\n\n\n\n<p>L\u2019Oficina d\u2019investigaci\u00f3 i Transfer\u00e8ncia de Tecnologia de la Universitat de Girona organitza un taller online per presentar, de forma pr\u00e0ctica, com abordar les q\u00fcestions \u00e8tiques en una proposta presentada a convocat\u00f2ries del&nbsp;<a rel=\"noreferrer noopener\" href=\"https:\/\/research-and-innovation.ec.europa.eu\/funding\/funding-opportunities\/funding-programmes-and-open-calls\/horizon-europe_en\" target=\"_blank\">programa Horizon Europe<\/a>.<\/p>\n\n\n\n<p>Es comptar\u00e0 amb la pres\u00e8ncia de&nbsp;<strong>Francisco Javier Castro<\/strong>, de&nbsp;<a href=\"http:\/\/www.plusethics.com\/\">Plus&nbsp;<\/a><a rel=\"noreferrer noopener\" href=\"http:\/\/www.plusethics.com\/\" target=\"_blank\">Ethics<\/a>, qui donar\u00e0 pautes per abordar de forma correcta els requisits de la Part A i de la Part B de la proposta i amb la&nbsp;<strong>Marina Mart\u00ednez<\/strong>, de l\u2019<a rel=\"noreferrer noopener\" href=\"http:\/\/www.sost.es\/\" target=\"_blank\">Oficina SOST a Brussel\u00b7les<\/a>, qui presentar\u00e0 la base legal i el proc\u00e9s europeu d\u2019avaluaci\u00f3 \u00e8tica de propostes, incloent-hi les \u00faltimes novetats rellevants del programa Horizon Europe.<\/p>\n\n\n\n<p>Des de la UdG comptarem amb la participaci\u00f3 d\u2019una vocal del Comit\u00e8 d\u2019\u00c8tica i Bioseguretat de la recerca de la UdG, la Dra. Anna Bonmat\u00ed.<\/p>\n\n\n\n<p> <\/p>\n\n\n\n<p><strong>Calendari:<\/strong> 26 de maig del 2023 <\/p>\n\n\n\n<p><strong>Total d&#8217;hores: <\/strong>2\u202fh 30 min<\/p>\n\n\n\n<p> <\/p>\n\n\n\n<p><a rel=\"noreferrer noopener\" href=\"https:\/\/udg-recerca.com\/taller-udg-sobre-els-aspectes-etics-en-la-rdi\/\" data-type=\"URL\" data-id=\"https:\/\/udg-recerca.com\/taller-udg-sobre-els-aspectes-etics-en-la-rdi\/\" target=\"_blank\">M\u00e9s informaci\u00f3<\/a><\/p>\n\n\n\n<p>Contacteu amb l\u2019equip de programes europeus i internacionals de l\u2019OITT (<a href=\"mailto:european.office@udg.edu\">european.office@udg.edu<\/a>) si teniu algun dubte o pregunta. <\/p>\n","protected":false},"excerpt":{"rendered":"<p>Taller en l\u00ednia per presentar, de forma pr\u00e0ctica, com abordar les q\u00fcestions \u00e8tiques en una proposta presentada a convocat\u00f2ries del programa Horizon Europe.<\/p>\n","protected":false},"author":1,"featured_media":16393,"comment_status":"open","ping_status":"closed","sticky":false,"template":"","format":"standard","meta":{"footnotes":""},"categories":[27],"tags":[],"class_list":["post-16392","post","type-post","status-publish","format-standard","has-post-thumbnail","hentry","category-altres-propostes"],"_links":{"self":[{"href":"https:\/\/iceberg.udg.edu\/index.php?rest_route=\/wp\/v2\/posts\/16392","targetHints":{"allow":["GET"]}}],"collection":[{"href":"https:\/\/iceberg.udg.edu\/index.php?rest_route=\/wp\/v2\/posts"}],"about":[{"href":"https:\/\/iceberg.udg.edu\/index.php?rest_route=\/wp\/v2\/types\/post"}],"author":[{"embeddable":true,"href":"https:\/\/iceberg.udg.edu\/index.php?rest_route=\/wp\/v2\/users\/1"}],"replies":[{"embeddable":true,"href":"https:\/\/iceberg.udg.edu\/index.php?rest_route=%2Fwp%2Fv2%2Fcomments&post=16392"}],"version-history":[{"count":2,"href":"https:\/\/iceberg.udg.edu\/index.php?rest_route=\/wp\/v2\/posts\/16392\/revisions"}],"predecessor-version":[{"id":16408,"href":"https:\/\/iceberg.udg.edu\/index.php?rest_route=\/wp\/v2\/posts\/16392\/revisions\/16408"}],"wp:featuredmedia":[{"embeddable":true,"href":"https:\/\/iceberg.udg.edu\/index.php?rest_route=\/wp\/v2\/media\/16393"}],"wp:attachment":[{"href":"https:\/\/iceberg.udg.edu\/index.php?rest_route=%2Fwp%2Fv2%2Fmedia&parent=16392"}],"wp:term":[{"taxonomy":"category","embeddable":true,"href":"https:\/\/iceberg.udg.edu\/index.php?rest_route=%2Fwp%2Fv2%2Fcategories&post=16392"},{"taxonomy":"post_tag","embeddable":true,"href":"https:\/\/iceberg.udg.edu\/index.php?rest_route=%2Fwp%2Fv2%2Ftags&post=16392"}],"curies":[{"name":"wp","href":"https:\/\/api.w.org\/{rel}","templated":true}]}}