{"id":16399,"date":"2023-05-23T12:50:25","date_gmt":"2023-05-23T10:50:25","guid":{"rendered":"https:\/\/icebergng.udg.edu\/?p=16399"},"modified":"2023-05-31T10:08:08","modified_gmt":"2023-05-31T08:08:08","slug":"la-sostenibilitat-en-la-docencia-del-dret-presencial-en-linia","status":"publish","type":"post","link":"https:\/\/iceberg.udg.edu\/?p=16399","title":{"rendered":"La sostenibilitat en la doc\u00e8ncia del dret"},"content":{"rendered":"\n<p><strong>Jornada organitzada per la Facultat de Dret de la UdG<\/strong><\/p>\n\n\n\n<p><strong>26 de juny del 2023<\/strong><\/p>\n\n\n\n<p>Aquesta jornada s&#8217;emmarca en el projecte \u201cMillora Docent (UdG XXI) \u2013 Estudis Sostenibles\u201d. <\/p>\n\n\n\n<p>El programa inclou pon\u00e8ncies invitades i taules tem\u00e0tiques.<\/p>\n\n\n\n<p><a rel=\"noreferrer noopener\" href=\"https:\/\/udg.edu\/ca\/Portals\/13\/Jornades\/Jornada_Sostenibilidad_FD_UdG_CfP.pdf\" target=\"_blank\">Veure el programa i m\u00e9s informaci\u00f3<\/a><\/p>\n\n\n\n<p><\/p>\n\n\n\n<p><strong>Presentaci\u00f3 de comunicacions: <\/strong><\/p>\n\n\n\n<p>Les persones interessades a presentar una comunicaci\u00f3 oral, en persona o en l\u00ednia, han d&#8217;enviar la seva proposta per correu electr\u00f2nic a deg.dret@udg.edu <strong>abans del 31 de maig<\/strong><\/p>\n\n\n\n<p> <a rel=\"noreferrer noopener\" href=\"https:\/\/tinyurl.com\/3czytva7\" target=\"_blank\">Inscripci\u00f3 a la Jornada<\/a><\/p>\n\n\n\n<hr class=\"wp-block-separator has-alpha-channel-opacity\"\/>\n","protected":false},"excerpt":{"rendered":"<p>Aquesta jornada, organitzada per la Facultat de Dret de la UdG, s&#8217;emmarca en el projecte \u201cMillora Docent (UdG XXI) \u2013 Estudis Sostenibles\u201d.\u00a0<\/p>\n<p>El programa inclou pon\u00e8ncies invitades i taules tem\u00e0tiques sobre diferents aspectes referits a la sostenibilitat i la doc\u00e8ncia del Dret.<\/p>\n","protected":false},"author":1,"featured_media":16419,"comment_status":"open","ping_status":"closed","sticky":false,"template":"","format":"standard","meta":{"footnotes":""},"categories":[27],"tags":[],"class_list":["post-16399","post","type-post","status-publish","format-standard","has-post-thumbnail","hentry","category-altres-propostes"],"_links":{"self":[{"href":"https:\/\/iceberg.udg.edu\/index.php?rest_route=\/wp\/v2\/posts\/16399","targetHints":{"allow":["GET"]}}],"collection":[{"href":"https:\/\/iceberg.udg.edu\/index.php?rest_route=\/wp\/v2\/posts"}],"about":[{"href":"https:\/\/iceberg.udg.edu\/index.php?rest_route=\/wp\/v2\/types\/post"}],"author":[{"embeddable":true,"href":"https:\/\/iceberg.udg.edu\/index.php?rest_route=\/wp\/v2\/users\/1"}],"replies":[{"embeddable":true,"href":"https:\/\/iceberg.udg.edu\/index.php?rest_route=%2Fwp%2Fv2%2Fcomments&post=16399"}],"version-history":[{"count":15,"href":"https:\/\/iceberg.udg.edu\/index.php?rest_route=\/wp\/v2\/posts\/16399\/revisions"}],"predecessor-version":[{"id":16443,"href":"https:\/\/iceberg.udg.edu\/index.php?rest_route=\/wp\/v2\/posts\/16399\/revisions\/16443"}],"wp:featuredmedia":[{"embeddable":true,"href":"https:\/\/iceberg.udg.edu\/index.php?rest_route=\/wp\/v2\/media\/16419"}],"wp:attachment":[{"href":"https:\/\/iceberg.udg.edu\/index.php?rest_route=%2Fwp%2Fv2%2Fmedia&parent=16399"}],"wp:term":[{"taxonomy":"category","embeddable":true,"href":"https:\/\/iceberg.udg.edu\/index.php?rest_route=%2Fwp%2Fv2%2Fcategories&post=16399"},{"taxonomy":"post_tag","embeddable":true,"href":"https:\/\/iceberg.udg.edu\/index.php?rest_route=%2Fwp%2Fv2%2Ftags&post=16399"}],"curies":[{"name":"wp","href":"https:\/\/api.w.org\/{rel}","templated":true}]}}