{"id":16453,"date":"2023-06-12T12:50:22","date_gmt":"2023-06-12T10:50:22","guid":{"rendered":"https:\/\/icebergng.udg.edu\/?p=16453"},"modified":"2023-06-13T09:19:18","modified_gmt":"2023-06-13T07:19:18","slug":"taller-udg-sobre-la-dimensio-de-genere-en-lactivitat-de-rdi","status":"publish","type":"post","link":"https:\/\/iceberg.udg.edu\/?p=16453","title":{"rendered":"Taller UdG sobre la dimensi\u00f3 de g\u00e8nere en l\u2019activitat de RDI"},"content":{"rendered":"\n<p><em>Si formes part de la comunitat UdG (PDI I PAS), apunta\u2019t al taller pr\u00e0ctic per aclarir conceptes i saber com abordar la dimensi\u00f3 de g\u00e8nere en una proposta Horizon Europe<\/em><\/p>\n\n\n\n<p>L\u2019Oficina d\u2019investigaci\u00f3 i Transfer\u00e8ncia de Tecnologia de la Universitat de Girona organitza un taller en l\u00ednia per presentar&nbsp;com abordar&nbsp;la dimensi\u00f3 de g\u00e8nere, un&nbsp;dels&nbsp;principis&nbsp;transversals&nbsp;en l\u2019activitat de la recerca i innovaci\u00f3, aplicable a totes les disciplines i activitats finan\u00e7ades amb fons competitius.<\/p>\n\n\n\n<hr class=\"wp-block-separator has-alpha-channel-opacity\"\/>\n\n\n\n<p><strong>Calendari: <\/strong>21 juny 2023 de 9:30 a 11:20 <\/p>\n\n\n\n<p><strong style=\"font-size: revert; color: initial;\">Total: <\/strong>1h 50 min <\/p>\n\n\n\n<p><strong>Localitzaci\u00f3: <\/strong>En l\u00ednia <\/p>\n\n\n\n<hr class=\"wp-block-separator has-alpha-channel-opacity\"\/>\n\n\n\n<p>Es comptar\u00e0 amb la pres\u00e8ncia de&nbsp;<strong>Lydia Gonz\u00e1lez Orta<\/strong>,&nbsp;<a rel=\"noreferrer noopener\" href=\"https:\/\/www.horizonteeuropa.es\/transversal\" target=\"_blank\">punt nacional de contacte del Pilar WIDERA del programa Horizon Europe per a l\u2019objectiu transversal i les convocat\u00f2ries d\u2019igualtat de g\u00e8nere-FECYT<\/a> i amb la participaci\u00f3 de la Dr.&nbsp;<strong>Anna Maria Pla Boix<\/strong>, delegada del Rector per la&nbsp;<a rel=\"noreferrer noopener\" href=\"https:\/\/www.udg.edu\/ca\/compromis-social\/arees\/Igualtat-de-Genere\" target=\"_blank\">Igualtat de G\u00e8nere<\/a>,&nbsp;qui presentar\u00e0 les pol\u00edtiques de g\u00e8nere a la UdG incloent el<em><a rel=\"noreferrer noopener\" href=\"https:\/\/www.udg.edu\/ca\/Portals\/50\/Documents\/Segon_Pla_Igualtat_EN.pdf?ver=jVwx7m1yA0ZpVjFuZ8AsCA%3d%3d\" target=\"_blank\">&nbsp;2nd Gender Equality Plan<\/a><\/em>&nbsp;de la UdG.<\/p>\n\n\n\n<p>Per saber-ne m\u00e9s:&nbsp;<em><a href=\"https:\/\/rea.ec.europa.eu\/news\/tackling-gender-equality-research-and-innovation-2023-03-07_en\" target=\"_blank\" rel=\"noreferrer noopener\">Tackling gender equality in Research and Innovation<\/a><\/em><\/p>\n\n\n\n<p><a rel=\"noreferrer noopener\" href=\"https:\/\/udg-recerca.com\/taller-udg-sobre-la-dimensio-de-genere-en-lactivitat-de-rdi\/\" data-type=\"URL\" data-id=\"https:\/\/udg-recerca.com\/taller-udg-sobre-la-dimensio-de-genere-en-lactivitat-de-rdi\/\" target=\"_blank\">M\u00e9s informaci\u00f3 i enlla\u00e7 directe<\/a><\/p>\n\n\n\n<p> <\/p>\n\n\n\n<p><em>Aquesta activitat est\u00e0 emmarcada en el projecte Objetivo Horizonte Europa: Redes y puentes para la internacionalizaci\u00f3n de la I+D+i de la UdG, finan\u00e7at per l\u2019Agencia Estatal de Investigaci\u00f3n (AEI), Convocatoria para la Preparaci\u00f3n y Gesti\u00f3n de Proyectos Europeos del a\u00f1o 2022. C\u00f3digo identificativo GPE2022-000999 \/ AEI \/ 10.13039\/501100011033; concedit per resoluci\u00f3 del 16.12.2022.<\/em><\/p>\n\n\n\n<figure class=\"wp-block-image size-full\"><a href=\"https:\/\/udg-recerca.com\/taller-udg-sobre-la-dimensio-de-genere-en-lactivitat-de-rdi\/\"><img decoding=\"async\" src=\"https:\/\/iceberg.udg.edu\/wp-content\/uploads\/2023\/06\/image-1.png\" alt=\"\" class=\"wp-image-16454\"\/><\/a><\/figure>\n","protected":false},"excerpt":{"rendered":"<p>L\u2019Oficina d\u2019investigaci\u00f3 i Transfer\u00e8ncia de Tecnologia de la Universitat de Girona organitza un taller en l\u00ednia per presentar\u00a0com abordar\u00a0la dimensi\u00f3 de g\u00e8nere, un\u00a0altre dels\u00a0principis\u00a0transversals\u00a0en l\u2019activitat de la recerca i innovaci\u00f3, aplicable a totes les disciplines i activitats finan\u00e7ades amb fons competitius.<\/p>\n","protected":false},"author":1,"featured_media":16471,"comment_status":"open","ping_status":"closed","sticky":false,"template":"","format":"standard","meta":{"footnotes":""},"categories":[27],"tags":[],"class_list":["post-16453","post","type-post","status-publish","format-standard","has-post-thumbnail","hentry","category-altres-propostes"],"_links":{"self":[{"href":"https:\/\/iceberg.udg.edu\/index.php?rest_route=\/wp\/v2\/posts\/16453","targetHints":{"allow":["GET"]}}],"collection":[{"href":"https:\/\/iceberg.udg.edu\/index.php?rest_route=\/wp\/v2\/posts"}],"about":[{"href":"https:\/\/iceberg.udg.edu\/index.php?rest_route=\/wp\/v2\/types\/post"}],"author":[{"embeddable":true,"href":"https:\/\/iceberg.udg.edu\/index.php?rest_route=\/wp\/v2\/users\/1"}],"replies":[{"embeddable":true,"href":"https:\/\/iceberg.udg.edu\/index.php?rest_route=%2Fwp%2Fv2%2Fcomments&post=16453"}],"version-history":[{"count":5,"href":"https:\/\/iceberg.udg.edu\/index.php?rest_route=\/wp\/v2\/posts\/16453\/revisions"}],"predecessor-version":[{"id":16466,"href":"https:\/\/iceberg.udg.edu\/index.php?rest_route=\/wp\/v2\/posts\/16453\/revisions\/16466"}],"wp:featuredmedia":[{"embeddable":true,"href":"https:\/\/iceberg.udg.edu\/index.php?rest_route=\/wp\/v2\/media\/16471"}],"wp:attachment":[{"href":"https:\/\/iceberg.udg.edu\/index.php?rest_route=%2Fwp%2Fv2%2Fmedia&parent=16453"}],"wp:term":[{"taxonomy":"category","embeddable":true,"href":"https:\/\/iceberg.udg.edu\/index.php?rest_route=%2Fwp%2Fv2%2Fcategories&post=16453"},{"taxonomy":"post_tag","embeddable":true,"href":"https:\/\/iceberg.udg.edu\/index.php?rest_route=%2Fwp%2Fv2%2Ftags&post=16453"}],"curies":[{"name":"wp","href":"https:\/\/api.w.org\/{rel}","templated":true}]}}