{"id":16655,"date":"2023-07-19T09:18:28","date_gmt":"2023-07-19T07:18:28","guid":{"rendered":"https:\/\/icebergng.udg.edu\/?p=16655"},"modified":"2023-10-02T12:11:44","modified_gmt":"2023-10-02T10:11:44","slug":"jornada-genere-i-dret","status":"publish","type":"post","link":"https:\/\/iceberg.udg.edu\/?p=16655","title":{"rendered":"Jornada G\u00e8nere i Dret"},"content":{"rendered":"\n<p class=\"has-black-color has-text-color\">Les I Jornades sobre G\u00e8nere i Dret de la UdG, organitzades per la Facultat de Dret,  es proposen de fomentar la doc\u00e8ncia i la recerca amb perspectiva de g\u00e8nere i contribuir, mitjan\u00e7ant la seva difusi\u00f3, a pr\u00e0ctiques universit\u00e0ries i professionals que incorporin aquesta perspectiva de forma transversal.<\/p>\n\n\n\n<p class=\"has-black-color has-text-color\">La proposta d\u2019aquestes Jornades es fonamenta en la necessitat de fomentar i millorar en la incorporaci\u00f3 de la perspectiva de g\u00e8nere en la doc\u00e8ncia, la recerca i les professions jur\u00eddiques, ben establerta al marc normatiu i institucional, i tamb\u00e9 en la tasca que des de fa temps es desenvolupa a la Facultat de Dret en aquesta direcci\u00f3.<\/p>\n\n\n\n<p class=\"has-black-color has-text-color\"><strong>Calendari: <\/strong>27 de novembre del 2023<\/p>\n\n\n\n<p class=\"has-black-color has-text-color\"><strong style=\"font-size: revert; color: initial;\">Total: <\/strong><span style=\"font-size: revert; color: initial;\"> <\/span>8h<\/p>\n\n\n\n<p class=\"has-black-color has-text-color\"><strong>Localitzaci\u00f3:<\/strong> Sala de Graus de la Facultat de Dret i en l\u00ednia via Zoom<\/p>\n\n\n\n<p><\/p>\n\n\n\n<p><a href=\"https:\/\/www.udg.edu\/ca\/Portals\/51\/DOCUMENTS-FU\/IA%2015%20juny%202023\/Jornada_Genere_i_Dret_UdG_FD%20def.pdf?ver=PTzoNFqxzls6LnHcEP5JlQ%3d%3d&amp;timestamp=1689669407102\" data-type=\"URL\" data-id=\"https:\/\/www.udg.edu\/ca\/Portals\/51\/DOCUMENTS-FU\/IA%2015%20juny%202023\/Jornada_Genere_i_Dret_UdG_FD%20def.pdf?ver=PTzoNFqxzls6LnHcEP5JlQ%3d%3d&amp;timestamp=1689669407102\">M\u00e9s informaci\u00f3<\/a><\/p>\n","protected":false},"excerpt":{"rendered":"<p>Les I Jornades sobre G\u00e8nere i Dret de la UdG, organitzades per la Facultat de Dret,  es proposen de fomentar la doc\u00e8ncia i la recerca amb perspectiva de g\u00e8nere i contribuir, mitjan\u00e7ant la seva difusi\u00f3, a pr\u00e0ctiques universit\u00e0ries i professionals que incorporin aquesta perspectiva de forma transversal.<\/p>\n","protected":false},"author":1,"featured_media":16695,"comment_status":"open","ping_status":"closed","sticky":false,"template":"","format":"standard","meta":{"footnotes":""},"categories":[27],"tags":[],"class_list":["post-16655","post","type-post","status-publish","format-standard","has-post-thumbnail","hentry","category-altres-propostes"],"_links":{"self":[{"href":"https:\/\/iceberg.udg.edu\/index.php?rest_route=\/wp\/v2\/posts\/16655","targetHints":{"allow":["GET"]}}],"collection":[{"href":"https:\/\/iceberg.udg.edu\/index.php?rest_route=\/wp\/v2\/posts"}],"about":[{"href":"https:\/\/iceberg.udg.edu\/index.php?rest_route=\/wp\/v2\/types\/post"}],"author":[{"embeddable":true,"href":"https:\/\/iceberg.udg.edu\/index.php?rest_route=\/wp\/v2\/users\/1"}],"replies":[{"embeddable":true,"href":"https:\/\/iceberg.udg.edu\/index.php?rest_route=%2Fwp%2Fv2%2Fcomments&post=16655"}],"version-history":[{"count":9,"href":"https:\/\/iceberg.udg.edu\/index.php?rest_route=\/wp\/v2\/posts\/16655\/revisions"}],"predecessor-version":[{"id":16846,"href":"https:\/\/iceberg.udg.edu\/index.php?rest_route=\/wp\/v2\/posts\/16655\/revisions\/16846"}],"wp:featuredmedia":[{"embeddable":true,"href":"https:\/\/iceberg.udg.edu\/index.php?rest_route=\/wp\/v2\/media\/16695"}],"wp:attachment":[{"href":"https:\/\/iceberg.udg.edu\/index.php?rest_route=%2Fwp%2Fv2%2Fmedia&parent=16655"}],"wp:term":[{"taxonomy":"category","embeddable":true,"href":"https:\/\/iceberg.udg.edu\/index.php?rest_route=%2Fwp%2Fv2%2Fcategories&post=16655"},{"taxonomy":"post_tag","embeddable":true,"href":"https:\/\/iceberg.udg.edu\/index.php?rest_route=%2Fwp%2Fv2%2Ftags&post=16655"}],"curies":[{"name":"wp","href":"https:\/\/api.w.org\/{rel}","templated":true}]}}