{"id":16967,"date":"2023-11-20T09:39:16","date_gmt":"2023-11-20T08:39:16","guid":{"rendered":"https:\/\/icebergng.udg.edu\/?p=16967"},"modified":"2023-12-14T08:50:20","modified_gmt":"2023-12-14T07:50:20","slug":"edutekalab-eines-educatives-amb-ia","status":"publish","type":"post","link":"https:\/\/iceberg.udg.edu\/?p=16967","title":{"rendered":"edutekaLab: eines educatives amb IA"},"content":{"rendered":"\n<p>Ja ho veieu. Tornem a parlar d&#8217;Intel\u00b7lig\u00e8ncia Artificial (IA). Estem explorant noves eines que van apareixent (segur que vosaltres tamb\u00e9 ho feu). I ho fem des del punt de vista d&#8217;all\u00f2 que poden aportar al disseny d&#8217;experi\u00e8ncies d&#8217;aprenentatge. Estem conven\u00e7uts que la IA generativa (aquella que \u00e9s capa\u00e7 de crear textos, imatges, v\u00eddeos, presentacions&#8230;) tamb\u00e9 pot ser generadora d&#8217;idees. Volem dir que, sovint, les eines d&#8217;IA no ens oferiran el &#8220;producte final&#8221; que estem buscant per\u00f2, molt probablement, ens aportaran noves idees, nous punts de vista que podrem utilitzar per aconseguir els nostres objectius.<\/p>\n\n\n\n<p>Avui us presentem un conjunt de quatre eines pensades per ser utilitzades directament en entorns d&#8217;aprenentatge. Es tracta d&#8217;<a rel=\"noreferrer noopener\" href=\"https:\/\/edtk.co\/\" target=\"_blank\">edutekaLab<\/a>, un espai desenvolupat per <a rel=\"noreferrer noopener\" href=\"https:\/\/eduteka.icesi.edu.co\/\" target=\"_blank\">Eduteka<\/a>, una plataforma educativa que pertany a la <a rel=\"noreferrer noopener\" href=\"https:\/\/www.icesi.edu.co\/es\/\" target=\"_blank\">Universitat Icesi<\/a> a Col\u00f2mbia i que s&#8217;encarrega d&#8217;oferir materials de qualitat a docents, directius escolars i formadors de mestres. I el que \u00e9s m\u00e9s important: de forma gratu\u00efta.<\/p>\n\n\n\n<p>EdutekaLab \u00e9s un ecosistema educatiu d&#8217;eines docents enriquides amb intel\u00b7lig\u00e8ncia artificial que permet als docents estalviar temps en la gesti\u00f3 educativa, facilitant activitats clau de la seva tasca i ajudant-los a concentrar-se a guiar els estudiants cap a l&#8217;\u00e8xit acad\u00e8mic.<\/p>\n\n\n<div class=\"wp-block-image\">\n<figure class=\"aligncenter size-large\"><img loading=\"lazy\" decoding=\"async\" width=\"1024\" height=\"57\" src=\"https:\/\/iceberg.udg.edu\/wp-content\/uploads\/2023\/11\/image-1024x57.png\" alt=\"\" class=\"wp-image-16969\" srcset=\"https:\/\/iceberg.udg.edu\/wp-content\/uploads\/2023\/11\/image-1024x57.png 1024w, https:\/\/iceberg.udg.edu\/wp-content\/uploads\/2023\/11\/image-300x17.png 300w, https:\/\/iceberg.udg.edu\/wp-content\/uploads\/2023\/11\/image-768x43.png 768w, https:\/\/iceberg.udg.edu\/wp-content\/uploads\/2023\/11\/image.png 1143w\" sizes=\"auto, (max-width: 1024px) 100vw, 1024px\" \/><\/figure>\n<\/div>\n\n\n<p>Aquestes quatre eines s\u00f3n:<\/p>\n\n\n\n<ul class=\"wp-block-list\">\n<li><strong>IDEA<\/strong>: aquesta eina utilitza la IA per crear projectes de classe personalitzats en pocs minuts. Permet triar entre diferents metodologies, editar i compartir el teu projecte.<\/li>\n\n\n\n<li><strong>rubrik<\/strong>: per crear r\u00fabriques efectives i personalitzades utilitzant la IA. Rubrik ajuda a definir objectius d&#8217;aprenentatge clars i crear criteris d&#8217;avaluaci\u00f3 adequats.<\/li>\n\n\n\n<li><strong>planeo<\/strong>: est\u00e0 dissenyat per simplificar la creaci\u00f3 de cursos, facilita la planificaci\u00f3 i l&#8217;organitzaci\u00f3 de cursos, garantint una experi\u00e8ncia d&#8217;aprenentatge estructurada i coherent.<\/li>\n\n\n\n<li><strong>M\u00edtica<\/strong>: eina que permet diagnosticar una instituci\u00f3 educativa. Model de gesti\u00f3 per a \u00fas pedag\u00f2gic de les TIC, que ajuda a integrar les TIC en una instituci\u00f3 educativa. Dirigit a directius.<\/li>\n<\/ul>\n\n\n\n<p>Un petit inconvenient amb el que ens trobarem \u00e9s que haurem de treballar en llengua castellana. Per\u00f2 segur que podrem utilitzar alguna altra eina d&#8217;IA per fer la traducci\u00f3 al catal\u00e0. <\/p>\n\n\n\n<p>Tot i que totes quatre aplicacions s\u00f3n molt potents, ens hem entretingut una mica m\u00e9s en la primera: en IDEA. Per poder-la utilitzar ens cal un registre (que podem fer amb un compte de Google). Un cop identificats ja podrem iniciar un nou projecte. El primer que haurem de decidir \u00e9s si estem creant un projecte per a edicaci\u00f3 prim\u00e0ria o secund\u00e0ria, o volem un projecte per a Educaci\u00f3 Superior. I, tot seguit, haurem de prendre algunes decisions en quatre passes (nosaltres ho expliquem havent decidir que volem fer un projecte per a educaci\u00f3 superior):<\/p>\n\n\n\n<ol class=\"wp-block-list\">\n<li><strong>\u00c0rea de coneixement i nom del programa<\/strong>: amb dos men\u00fas desplegables que ens ajudaran a definir l&#8217;\u00e0rea de coneixement sobre la que volem desenvolupar el projecte.<\/li>\n\n\n\n<li> <strong>Caracter\u00edstiques del projecte<\/strong>: on escollirem el tipus de metodologia activa que volem utilitzar i el nombre de sesssions que volem dedicar al nostre projecte.<\/li>\n\n\n\n<li><strong>Tema del projecte<\/strong>: on trobarem un quadre on hem d&#8217;escriure el tema espec\u00edfic del nostre projecte. Quant m\u00e9s espec\u00edfics siguem, millors resultats obtindrem.<\/li>\n\n\n\n<li><strong>Informaci\u00f3 addicional<\/strong>: Aquest apartat \u00e9s opcional. Tot i aix\u00ed, si es vol que el resultat sigui el m\u00e9s ajustat possible al que estem buscant, anir\u00e0 b\u00e9 definir el principal objectiu d&#8217;aprenentatge del nostre projecte i els temes que volem que s&#8217;hi incloguin.<\/li>\n<\/ol>\n\n\n\n<p>Un cop tinguem definides totes les caracter\u00edstiques del nostre projecte ja li podem dir que comenci a preparar-ne el contingut. Ens apareixer\u00e0 una finestra emergent que ens va indicant el temps transcorregut. En funci\u00f3 del que li haguem demanat i de l&#8217;\u00fas global que s&#8217;estigui fent de l&#8217;aplicaci\u00f3 en aquells moments, pot trigar m\u00e9s o menys. Generalment seran pocs minuts.<\/p>\n\n\n<div class=\"wp-block-image\">\n<figure class=\"aligncenter size-full\"><img loading=\"lazy\" decoding=\"async\" width=\"489\" height=\"493\" src=\"https:\/\/iceberg.udg.edu\/wp-content\/uploads\/2023\/11\/image-1.png\" alt=\"\" class=\"wp-image-16971\" srcset=\"https:\/\/iceberg.udg.edu\/wp-content\/uploads\/2023\/11\/image-1.png 489w, https:\/\/iceberg.udg.edu\/wp-content\/uploads\/2023\/11\/image-1-298x300.png 298w, https:\/\/iceberg.udg.edu\/wp-content\/uploads\/2023\/11\/image-1-150x150.png 150w\" sizes=\"auto, (max-width: 489px) 100vw, 489px\" \/><\/figure>\n<\/div>\n\n\n<p>Un cop acabat el proc\u00e9s, l&#8217;aplicaci\u00f3 ens mostrar\u00e0 un text on ens recomanar\u00e0 editar el contingut per fer els canvis necessaris o b\u00e9 fer clic al bot\u00f3 de &#8220;refinar activitats&#8221; per poder afegir m\u00e9s detalls i estrat\u00e8gies per utilitzar a l&#8217;aula.<\/p>\n\n\n\n<p>La proposta que ens ofereix s&#8217;estructura en uns quants apartats:<\/p>\n\n\n\n<ul class=\"wp-block-list\">\n<li>T\u00edtol<\/li>\n\n\n\n<li>Introducci\u00f3<\/li>\n\n\n\n<li>Breu fitxa amb les dades b\u00e0siques del projecte<\/li>\n\n\n\n<li>Objectius<\/li>\n\n\n\n<li>Requisits<\/li>\n\n\n\n<li>Recursos<\/li>\n\n\n\n<li>Activitats (organitzades en el nombre de sessions que hem demanat)<\/li>\n\n\n\n<li>Avaluaci\u00f3<\/li>\n<\/ul>\n\n\n\n<p>\u00c9s molt probable que el resultat final no s&#8217;ajusti exactament al que vol\u00edem (sempre podem editar i refinar). Per\u00f2 segur que els que ens ofereix aquesta aplicaci\u00f3 ens generar\u00e0 bones idees per a aplicar als nostres dissenys docents.<\/p>\n\n\n\n<p>El resultat final queda desat en el vostre perfil i, a m\u00e9s, es pot desar en format <em>pdf <\/em>o compartir-lo amb altres persones.<\/p>\n\n\n\n<p>Proveu aquesta eina i alguna de les altres que us proposa <strong>educaLab<\/strong>. Segur que us sorprendran i que us seran \u00fatils.<\/p>\n","protected":false},"excerpt":{"rendered":"<p>Avui us presentem un conjunt de quatre eines pensades per ser utilitzades directament en entorns d&#8217;aprenentatge. Podreu dissenyar projectes, crear r\u00fabriques, planificar cursos o diagnosticar una instituci\u00f3 educativa en l&#8217;\u00fas de les TIC.<\/p>\n","protected":false},"author":2,"featured_media":17063,"comment_status":"open","ping_status":"closed","sticky":false,"template":"","format":"standard","meta":{"footnotes":""},"categories":[3],"tags":[],"class_list":["post-16967","post","type-post","status-publish","format-standard","has-post-thumbnail","hentry","category-recursos"],"_links":{"self":[{"href":"https:\/\/iceberg.udg.edu\/index.php?rest_route=\/wp\/v2\/posts\/16967","targetHints":{"allow":["GET"]}}],"collection":[{"href":"https:\/\/iceberg.udg.edu\/index.php?rest_route=\/wp\/v2\/posts"}],"about":[{"href":"https:\/\/iceberg.udg.edu\/index.php?rest_route=\/wp\/v2\/types\/post"}],"author":[{"embeddable":true,"href":"https:\/\/iceberg.udg.edu\/index.php?rest_route=\/wp\/v2\/users\/2"}],"replies":[{"embeddable":true,"href":"https:\/\/iceberg.udg.edu\/index.php?rest_route=%2Fwp%2Fv2%2Fcomments&post=16967"}],"version-history":[{"count":6,"href":"https:\/\/iceberg.udg.edu\/index.php?rest_route=\/wp\/v2\/posts\/16967\/revisions"}],"predecessor-version":[{"id":16980,"href":"https:\/\/iceberg.udg.edu\/index.php?rest_route=\/wp\/v2\/posts\/16967\/revisions\/16980"}],"wp:featuredmedia":[{"embeddable":true,"href":"https:\/\/iceberg.udg.edu\/index.php?rest_route=\/wp\/v2\/media\/17063"}],"wp:attachment":[{"href":"https:\/\/iceberg.udg.edu\/index.php?rest_route=%2Fwp%2Fv2%2Fmedia&parent=16967"}],"wp:term":[{"taxonomy":"category","embeddable":true,"href":"https:\/\/iceberg.udg.edu\/index.php?rest_route=%2Fwp%2Fv2%2Fcategories&post=16967"},{"taxonomy":"post_tag","embeddable":true,"href":"https:\/\/iceberg.udg.edu\/index.php?rest_route=%2Fwp%2Fv2%2Ftags&post=16967"}],"curies":[{"name":"wp","href":"https:\/\/api.w.org\/{rel}","templated":true}]}}