{"id":17113,"date":"2024-01-18T11:51:15","date_gmt":"2024-01-18T10:51:15","guid":{"rendered":"https:\/\/icebergng.udg.edu\/?p=17113"},"modified":"2024-01-29T11:08:48","modified_gmt":"2024-01-29T10:08:48","slug":"perill-material-fragil-la-ia-a-leducacio-entre-lesperanca-i-la-distopia","status":"publish","type":"post","link":"https:\/\/iceberg.udg.edu\/?p=17113","title":{"rendered":"Perill, material fr\u00e0gil. La IA a l&#8217;educaci\u00f3: entre l&#8217;esperan\u00e7a i la distopia"},"content":{"rendered":"\n<p><strong>Acte organitzat per la Fundaci\u00f3 Bofill amb la col\u00b7laboraci\u00f3 de l&#8217;Institut de Ci\u00e8ncies de l&#8217;Educaci\u00f3 Josep Pallach &#8211; Servei d&#8217;Aprenentatge i Innovaci\u00f3 Docent.<\/strong><\/p>\n\n\n\n<p>L\u2019\u00fas de la IA en l&#8217;educaci\u00f3&nbsp;<a href=\"https:\/\/equitatdigital.cat\/construint-sistemes-dia-socialment-responsables\/\"><strong>planteja q\u00fcestions fonamentals sobre la privacitat, la transpar\u00e8ncia i l&#8217;equitat<\/strong><\/a>. Els pactes recents entorn les creacions dels&nbsp;<a href=\"https:\/\/www.ara.cat\/economia\/franca-alemanya-encallen-llei-europea-d-intel-ligencia-artificial-aposten-perque-s-autoreguli-chat-gpt-drets-autor_1_4878044.html\">primers marcs reguladors<\/a>&nbsp;arreu del m\u00f3n s\u00f3n un bri d\u2019esperan\u00e7a,&nbsp;<strong>per\u00f2 segurament&nbsp;<\/strong><a href=\"https:\/\/www.elconfidencial.com\/tecnologia\/2023-12-12\/criticas-ley-ia-inteligencia-artificial-union-europea_3790477\/\"><strong>no s\u00f3n suficients<\/strong><\/a>, ni plantegen criteris de m\u00e0xims en termes d\u2019equitat i just\u00edcia social. Des d&#8217;aquesta perspectiva, les pol\u00edtiques digitals&nbsp;<a href=\"https:\/\/esbrina.eu\/es\/portfolio\/corporacions-tecnologiques-plataformes-educatives-digitals-i-garantia-dels-drets-de-la-infancia-amb-enfocament-de-genere-2\/\"><strong>han de garantir la protecci\u00f3 exhaustiva de les dades dels menors<\/strong><\/a>&nbsp;i establir directrius clares sobre la transpar\u00e8ncia dels algorismes utilitzats per prendre decisions educatives. Filos\u00f2ficament, la introducci\u00f3 de&nbsp;<strong>la IA en l&#8217;\u00e0mbit educatiu implica una reflexi\u00f3 profunda sobre la naturalesa de l&#8217;aprenentatge i el paper del mestre<\/strong>. Cal que les regulacions a implementar es basin en un enfocament equilibrat del seu \u00fas a l\u2019aula, integrant&nbsp;<strong>la tecnologia com a eina per potenciar, no substituir, el vincle entre mestres i estudiants.&nbsp;<\/strong>El seu \u00fas pot ajudar en la presa de decisions per part dels docents, la personalitzaci\u00f3 dels itineraris d\u2019aprenentatge dels alumnes o en la reducci\u00f3 de moltes tasques operatives que copsen el temps que es podria dedicar en el seguiment i l\u2019avaluaci\u00f3 individual. A m\u00e9s, cal&nbsp;<strong>una legislaci\u00f3 que abordi biaixos algor\u00edtmics potencials<\/strong>&nbsp;i asseguri que&nbsp;<a href=\"https:\/\/equitatdigital.cat\/ia-maligna-o-dades-brutes\/\">la IA no contribueixi a la creaci\u00f3 o refor\u00e7ament de desigualtats<\/a>. En definitiva, les mesures pol\u00edtiques han de ser guiades per una comprensi\u00f3 profunda de les implicacions \u00e8tiques i filos\u00f2fiques, assegurant que la implementaci\u00f3 de la IA en l&#8217;educaci\u00f3 estigui al servei de la just\u00edcia i l&#8217;equitat.<\/p>\n\n\n\n<p><strong>Organitza: <\/strong>Fundaci\u00f3 Bofill, entitat sense \u00e0nim de lucre, amb la col\u00b7laboraci\u00f3 de l&#8217;Institut de Ci\u00e8ncies de l&#8217;Educaci\u00f3 Josep Pallach &#8211; Servei d&#8217;Aprenentatge i Innovaci\u00f3 Docent.<\/p>\n\n\n\n<p>L&#8217;acte inclou un di\u00e0leg entre: <\/p>\n\n\n\n<ul class=\"wp-block-list\">\n<li><a href=\"https:\/\/streaklinks.com\/BzQtGEIs7IoNFXn5BAB7bEge\/https%3A%2F%2Ffundaciobofill.cat%2Fpersona%2Fjoan-manuel-del-pozo-i-alvarez?email=hmartinez%40fundaciobofill.org\">Joan Manuel del Pozo<\/a>&nbsp; &#8211; Doctor en filosofia i professor em\u00e8rit de la Universitat de Girona<\/li>\n\n\n\n<li><a href=\"https:\/\/streaklinks.com\/BzQtGEIREfkOnZiNlA5OUJt3\/https%3A%2F%2Ffundaciobofill.cat%2Fpersona%2Falejandra_lopez?email=hmartinez%40fundaciobofill.org\">Alejandra L\u00f3pez<\/a>&nbsp;&#8211; Recercaire en Intel\u00b7lig\u00e8ncia Artifical a l\u2019IIIA-CSIC<\/li>\n<\/ul>\n\n\n\n<p>Moderat per:<\/p>\n\n\n\n<ul class=\"wp-block-list\">\n<li><a href=\"https:\/\/twitter.com\/coralregi\">Coral Reg\u00ed<\/a>&nbsp;&#8211; Educadora i assessora en transformaci\u00f3 educativa.<\/li>\n<\/ul>\n\n\n\n<p>A continuaci\u00f3 tindran lloc quatre tallers simultanis per fer un tastet de diferents experi\u00e8ncies pr\u00e0ctiques. <\/p>\n\n\n\n<hr class=\"wp-block-separator has-alpha-channel-opacity\"\/>\n\n\n\n<p><strong>Calendari<\/strong>: 21 de Febrer de 2024 de&nbsp;17.30h-20.00h.<\/p>\n\n\n\n<p><strong>Localitzaci\u00f3: <\/strong>Escola Polit\u00e8cnica Superior. Sala d\u2019Actes de l\u2019Edifici P1&nbsp;<\/p>\n\n\n\n<p><strong>Total: <\/strong>2 hores i 30 minuts<\/p>\n\n\n\n<p><strong>Matr\u00edcula:<\/strong> Gratuita. Per q\u00fcestions d&#8217;organitzaci\u00f3 <a href=\"https:\/\/fundaciobofill.cat\/actes\/ia-esperanca-i-distopia\" target=\"_blank\" rel=\"noreferrer noopener\">cal  formalitzar la matr\u00edcula<\/a>. <\/p>\n\n\n\n<p> (L&#8217;assist\u00e8ncia a aquest acte no se certificar\u00e0)<\/p>\n\n\n\n<div class=\"wp-block-columns is-layout-flex wp-container-core-columns-is-layout-9d6595d7 wp-block-columns-is-layout-flex\">\n<div class=\"wp-block-column is-layout-flow wp-block-column-is-layout-flow\" style=\"flex-basis:100%\">\n<div class=\"wp-block-buttons is-content-justification-center is-layout-flex wp-container-core-buttons-is-layout-16018d1d wp-block-buttons-is-layout-flex\">\n<div class=\"wp-block-button has-custom-width wp-block-button__width-25 is-style-fill\"><a class=\"wp-block-button__link has-black-color has-text-color wp-element-button\" href=\"https:\/\/fundaciobofill.cat\/actes\/ia-esperanca-i-distopia\" style=\"border-radius:7px\" target=\"_blank\" rel=\"noreferrer noopener\"><strong> M\u00e9s informaci\u00f3 i matr\u00edcula<\/strong> <\/a><\/div>\n<\/div>\n<\/div>\n<\/div>\n","protected":false},"excerpt":{"rendered":"<p>Acte organitzat per la Fundaci\u00f3 Bofill amb la col\u00b7laboraci\u00f3 de l&#8217;Institut de Ci\u00e8ncies de l&#8217;Educaci\u00f3 Josep Pallach &#8211; Servei d&#8217;Aprenentatge i Innovaci\u00f3 Docent. L\u2019\u00fas de la IA en l&#8217;educaci\u00f3&nbsp;planteja q\u00fcestions fonamentals sobre la privacitat, la transpar\u00e8ncia i l&#8217;equitat. Els pactes recents entorn les creacions dels&nbsp;primers marcs reguladors&nbsp;arreu del m\u00f3n s\u00f3n un bri d\u2019esperan\u00e7a,&nbsp;per\u00f2 segurament&nbsp;no s\u00f3n [&hellip;]<\/p>\n","protected":false},"author":1,"featured_media":17138,"comment_status":"open","ping_status":"closed","sticky":false,"template":"","format":"standard","meta":{"footnotes":""},"categories":[27,25,23],"tags":[],"class_list":["post-17113","post","type-post","status-publish","format-standard","has-post-thumbnail","hentry","category-altres-propostes","category-informacions","category-noticies"],"_links":{"self":[{"href":"https:\/\/iceberg.udg.edu\/index.php?rest_route=\/wp\/v2\/posts\/17113","targetHints":{"allow":["GET"]}}],"collection":[{"href":"https:\/\/iceberg.udg.edu\/index.php?rest_route=\/wp\/v2\/posts"}],"about":[{"href":"https:\/\/iceberg.udg.edu\/index.php?rest_route=\/wp\/v2\/types\/post"}],"author":[{"embeddable":true,"href":"https:\/\/iceberg.udg.edu\/index.php?rest_route=\/wp\/v2\/users\/1"}],"replies":[{"embeddable":true,"href":"https:\/\/iceberg.udg.edu\/index.php?rest_route=%2Fwp%2Fv2%2Fcomments&post=17113"}],"version-history":[{"count":12,"href":"https:\/\/iceberg.udg.edu\/index.php?rest_route=\/wp\/v2\/posts\/17113\/revisions"}],"predecessor-version":[{"id":17160,"href":"https:\/\/iceberg.udg.edu\/index.php?rest_route=\/wp\/v2\/posts\/17113\/revisions\/17160"}],"wp:featuredmedia":[{"embeddable":true,"href":"https:\/\/iceberg.udg.edu\/index.php?rest_route=\/wp\/v2\/media\/17138"}],"wp:attachment":[{"href":"https:\/\/iceberg.udg.edu\/index.php?rest_route=%2Fwp%2Fv2%2Fmedia&parent=17113"}],"wp:term":[{"taxonomy":"category","embeddable":true,"href":"https:\/\/iceberg.udg.edu\/index.php?rest_route=%2Fwp%2Fv2%2Fcategories&post=17113"},{"taxonomy":"post_tag","embeddable":true,"href":"https:\/\/iceberg.udg.edu\/index.php?rest_route=%2Fwp%2Fv2%2Ftags&post=17113"}],"curies":[{"name":"wp","href":"https:\/\/api.w.org\/{rel}","templated":true}]}}