{"id":17205,"date":"2024-02-05T09:23:48","date_gmt":"2024-02-05T08:23:48","guid":{"rendered":"https:\/\/icebergng.udg.edu\/?p=17205"},"modified":"2024-02-05T09:52:18","modified_gmt":"2024-02-05T08:52:18","slug":"curs-en-linia-de-perspectiva-de-genere-a-la-docencia","status":"publish","type":"post","link":"https:\/\/iceberg.udg.edu\/?p=17205","title":{"rendered":"Curs en l\u00ednia de perspectiva de g\u00e8nere a la doc\u00e8ncia"},"content":{"rendered":"\n<p><strong>Activitat adre\u00e7ada al PDI de la UdG. Inclosa en el Pla de Formaci\u00f3 del Personal Docent i Investigador<\/strong><\/p>\n\n\n\n<p>Aquest curs, adre\u00e7at al PDI de la Universitat de Girona, ofereix una orientaci\u00f3 dins del Marc General sobre incorporaci\u00f3 de la perspectiva de g\u00e8nere en la doc\u00e8ncia universit\u00e0ria que es promou per part d&#8217;AQU Catalunya.<br>Inclou un m\u00f2dul general i uns m\u00f2duls espec\u00edfics dels quals cal realitzar el que estigui relacionat amb la pr\u00f2pia formaci\u00f3\/especialitat:<\/p>\n\n\n\n<p>M\u00f2dul General:<\/p>\n\n\n\n<p>Les Guies per incloure la doc\u00e8ncia amb perspectiva de g\u00e8nere<br>La perspectiva de g\u00e8nere: conceptualitzaci\u00f3<\/p>\n\n\n\n<p>M\u00f2duls espec\u00edfics:<br>La perspectiva de g\u00e8nere a la doc\u00e8ncia d\u2019Educaci\u00f3 Infantil i Prim\u00e0ria i a Pedagogia<br>La perspectiva de g\u00e8nere a la doc\u00e8ncia d\u2019Educaci\u00f3 Social i Treball Social<br>La perspectiva de g\u00e8nere a la doc\u00e8ncia d\u2019Hist\u00f2ria de l\u2019Art<br>La perspectiva de g\u00e8nere a la doc\u00e8ncia d\u2019Infermeria<br>La perspectiva de g\u00e8nere a la doc\u00e8ncia d\u2019Inform\u00e0tica<br>La perspectiva de g\u00e8nere a la doc\u00e8ncia de Dret<br>La perspectiva de g\u00e8nere a la doc\u00e8ncia de F\u00edsica<br>La perspectiva de g\u00e8nere a la doc\u00e8ncia de Geografia<br>La perspectiva de g\u00e8nere a la doc\u00e8ncia de Psicologia<br>La perspectiva de g\u00e8nere a la doc\u00e8ncia de Ci\u00e8ncies Pol\u00edtiques<br>La perspectiva de g\u00e8nere a la doc\u00e8ncia de Publicitat i Relacions P\u00fabliques<br>La perspectiva de g\u00e8nere a la doc\u00e8ncia d\u2019Empresarials i Econ\u00f2miques<br>La perspectiva de g\u00e8nere a la doc\u00e8ncia de Medicina<br>La perspectiva de g\u00e8nere a la doc\u00e8ncia de Ci\u00e8ncies<\/p>\n\n\n\n<p>Es tracta d\u2019un curs en l\u00ednia i autogestionat que podeu realitzar de forma totalment aut\u00f2noma i al vostre propi ritme. El curs romandr\u00e0 obert fins el 30 de juny de 2024 incl\u00f2s.<\/p>\n\n\n\n<p><strong>Organitza<\/strong>: Unitat de Comprom\u00eds Social i Orientaci\u00f3 Professional, Unitat d&#8217;Igualtat de G\u00e8nere amb el suport del Pacte d\u2019Estat contra la Viol\u00e8ncia de G\u00e8nere i amb la col\u00b7laboraci\u00f3 de l&#8217;Institut de Ci\u00e8ncies de l\u2019Educaci\u00f3 Josep Pallach &#8211; Servei d&#8217;Aprenentatge i Innovaci\u00f3 Docent de la Universitat de Girona<\/p>\n\n\n\n<p><strong>Calendari<\/strong>: El curs romandr\u00e0 obert fins el 30 de juny de 2024<\/p>\n\n\n\n<p><strong>Localitzaci\u00f3<\/strong>: El curs es realitza en l\u00ednia amb la plataforma Moodle. Estar\u00e0 disponible a La <a rel=\"noreferrer noopener\" href=\"https:\/\/lameva.udg.edu\/ca-es\/Docencia\/Cursos#\" target=\"_blank\">Meva&gt;Doc\u00e8ncia&gt;Cursos<\/a> per a les persones que s&#8217;hi hagin matriculat. (El curs ser\u00e0 visible a partir de l&#8217;endem\u00e0 que s&#8217;hagi realitzat la matr\u00edcula).<\/p>\n\n\n\n<p><strong>Total hores<\/strong>: 10 hores<\/p>\n\n\n\n<p><strong>Matr\u00edcula<\/strong>: Del 5\/2\/2024 fins al 30\/6\/2024 <\/p>\n\n\n\n<div class=\"wp-block-columns is-layout-flex wp-container-core-columns-is-layout-9d6595d7 wp-block-columns-is-layout-flex\">\n<div class=\"wp-block-column is-layout-flow wp-block-column-is-layout-flow\" style=\"flex-basis:100%\">\n<div class=\"wp-block-buttons is-content-justification-center is-layout-flex wp-container-core-buttons-is-layout-16018d1d wp-block-buttons-is-layout-flex\">\n<div class=\"wp-block-button has-custom-width wp-block-button__width-25 is-style-fill\"><a class=\"wp-block-button__link has-black-color has-text-color wp-element-button\" href=\"https:\/\/apps.udg.edu\/MAU\/ice\/Client\/Oferta\/Detall\/5564?apart=0\" style=\"border-radius:7px\" target=\"_blank\" rel=\"noreferrer noopener\"><strong>M\u00e9s informaci\u00f3<\/strong><\/a><\/div>\n<\/div>\n<\/div>\n<\/div>\n\n\n\n<p><\/p>\n\n\n\n<p><\/p>\n","protected":false},"excerpt":{"rendered":"<p>Aquest curs, adre\u00e7at al PDI de la Universitat de Girona, ofereix una orientaci\u00f3 dins del Marc General sobre incorporaci\u00f3 de la perspectiva de g\u00e8nere en la doc\u00e8ncia universit\u00e0ria que es promou per part d&#8217;AQU Catalunya.<br \/>\nInclou un m\u00f2dul general i uns m\u00f2duls espec\u00edfics dels quals cal realitzar el que estigui relacionat amb la pr\u00f2pia formaci\u00f3\/especialitat.<br \/>\nEs tracta d\u2019un curs en l\u00ednia i autogestionat que podeu realitzar de forma totalment aut\u00f2noma i al vostre propi ritme. El curs romandr\u00e0 obert fins el 30 de juny de 2024 incl\u00f2s.<\/p>\n","protected":false},"author":2,"featured_media":14190,"comment_status":"open","ping_status":"closed","sticky":false,"template":"","format":"standard","meta":{"footnotes":""},"categories":[20],"tags":[],"class_list":["post-17205","post","type-post","status-publish","format-standard","has-post-thumbnail","hentry","category-activitats"],"_links":{"self":[{"href":"https:\/\/iceberg.udg.edu\/index.php?rest_route=\/wp\/v2\/posts\/17205","targetHints":{"allow":["GET"]}}],"collection":[{"href":"https:\/\/iceberg.udg.edu\/index.php?rest_route=\/wp\/v2\/posts"}],"about":[{"href":"https:\/\/iceberg.udg.edu\/index.php?rest_route=\/wp\/v2\/types\/post"}],"author":[{"embeddable":true,"href":"https:\/\/iceberg.udg.edu\/index.php?rest_route=\/wp\/v2\/users\/2"}],"replies":[{"embeddable":true,"href":"https:\/\/iceberg.udg.edu\/index.php?rest_route=%2Fwp%2Fv2%2Fcomments&post=17205"}],"version-history":[{"count":4,"href":"https:\/\/iceberg.udg.edu\/index.php?rest_route=\/wp\/v2\/posts\/17205\/revisions"}],"predecessor-version":[{"id":17209,"href":"https:\/\/iceberg.udg.edu\/index.php?rest_route=\/wp\/v2\/posts\/17205\/revisions\/17209"}],"wp:featuredmedia":[{"embeddable":true,"href":"https:\/\/iceberg.udg.edu\/index.php?rest_route=\/wp\/v2\/media\/14190"}],"wp:attachment":[{"href":"https:\/\/iceberg.udg.edu\/index.php?rest_route=%2Fwp%2Fv2%2Fmedia&parent=17205"}],"wp:term":[{"taxonomy":"category","embeddable":true,"href":"https:\/\/iceberg.udg.edu\/index.php?rest_route=%2Fwp%2Fv2%2Fcategories&post=17205"},{"taxonomy":"post_tag","embeddable":true,"href":"https:\/\/iceberg.udg.edu\/index.php?rest_route=%2Fwp%2Fv2%2Ftags&post=17205"}],"curies":[{"name":"wp","href":"https:\/\/api.w.org\/{rel}","templated":true}]}}