{"id":17217,"date":"2024-02-14T12:33:35","date_gmt":"2024-02-14T11:33:35","guid":{"rendered":"https:\/\/icebergng.udg.edu\/?p=17217"},"modified":"2024-03-01T12:52:19","modified_gmt":"2024-03-01T11:52:19","slug":"atencio-a-lestudiant-amb-necessitats-educatives-presencial","status":"publish","type":"post","link":"https:\/\/iceberg.udg.edu\/?p=17217","title":{"rendered":"Atenci\u00f3 a l\u2019estudiant amb necessitats educatives [Presencial]"},"content":{"rendered":"\n<p><strong><strong><strong><strong><strong>Activitat adre\u00e7ada al PDI de la UdG. Inclosa en el Pla de Formaci\u00f3 del Personal Docent i Investigador<\/strong><\/strong><\/strong><\/strong><\/strong><\/p>\n\n\n\n<p>&nbsp;La sessi\u00f3 constar\u00e0 d\u2019una part d\u2019exposici\u00f3 per part de la ponent i d\u2019un temps per al debat, consultes i q\u00fcestions<\/p>\n\n\n\n<p><strong>Organitza:<\/strong>&nbsp;Unitat de Comprom\u00eds Social i Orientaci\u00f3 Professional&nbsp;amb la col\u00b7laboraci\u00f3 de l&#8217;Institut de Ci\u00e8ncies de l&#8217;Educaci\u00f3 Josep Pallach &#8211; Servei d&#8217;Aprenentatge i Innovaci\u00f3 Docent de la Universitat de Girona<\/p>\n\n\n\n<p><strong>A c\u00e0rrec de<\/strong>: Montse Castro Belmonte (t\u00e8cnica d\u2019Inclusi\u00f3 de la Unitat de Comprom\u00eds Social i Orientaci\u00f3 Professional de la UdG)<\/p>\n\n\n\n<hr class=\"wp-block-separator has-alpha-channel-opacity\"\/>\n\n\n\n<p><strong><span style=\"text-decoration: underline;\">NIVELL II<\/span><\/strong><\/p>\n\n\n\n<p>Ampliaci\u00f3 i treball m\u00e9s espec\u00edfic sobre algunes de les situacions amb m\u00e9s pres\u00e8ncia a les nostres aules. De quina manera ens afecta? Com podem donar resposta? (Es recomana haver fet pr\u00e8viament el Nivell I.&nbsp; Tamb\u00e9 cal tenir en compte que s\u2019oferir\u00e0 una formaci\u00f3 espec\u00edfica sobre Salut Mental)<\/p>\n\n\n\n<p><strong>Calendari<\/strong>: 18 de mar\u00e7 de 2024 de 12h a 14h<\/p>\n\n\n\n<p><strong>Localitzaci\u00f3: <\/strong>AULA UCSOP M20 \u2013 015 (M\u00f2duls centrals del Campus Montilivi)&nbsp;<\/p>\n\n\n\n<p><strong>Total: <\/strong>2 hores<\/p>\n\n\n\n<p><strong>Matr\u00edcula:<\/strong> Del 9\/2\/2024 12:00:00 fins al 14\/3\/2024 12:00:00&nbsp;<\/p>\n\n\n\n<div class=\"wp-block-columns is-layout-flex wp-container-core-columns-is-layout-9d6595d7 wp-block-columns-is-layout-flex\">\n<div class=\"wp-block-column is-layout-flow wp-block-column-is-layout-flow\" style=\"flex-basis:100%\">\n<div class=\"wp-block-buttons is-content-justification-center is-layout-flex wp-container-core-buttons-is-layout-16018d1d wp-block-buttons-is-layout-flex\">\n<div class=\"wp-block-button has-custom-width wp-block-button__width-25 is-style-fill\"><a class=\"wp-block-button__link has-black-color has-text-color wp-element-button\" href=\"https:\/\/apps.udg.edu\/MAU\/ice\/Client\/Oferta\/Detall\/12101?apart=0\" style=\"border-radius:7px\"><strong>M\u00e9s informaci\u00f3<\/strong><\/a><\/div>\n<\/div>\n<\/div>\n<\/div>\n","protected":false},"excerpt":{"rendered":"<p>Activitat adre\u00e7ada al PDI de la UdG. Inclosa en el Pla de Formaci\u00f3 del Personal Docent i Investigador &nbsp;La sessi\u00f3 constar\u00e0 d\u2019una part d\u2019exposici\u00f3 per part de la ponent i d\u2019un temps per al debat, consultes i q\u00fcestions Organitza:&nbsp;Unitat de Comprom\u00eds Social i Orientaci\u00f3 Professional&nbsp;amb la col\u00b7laboraci\u00f3 de l&#8217;Institut de Ci\u00e8ncies de l&#8217;Educaci\u00f3 Josep Pallach [&hellip;]<\/p>\n","protected":false},"author":1,"featured_media":17219,"comment_status":"open","ping_status":"closed","sticky":false,"template":"","format":"standard","meta":{"footnotes":""},"categories":[20],"tags":[],"class_list":["post-17217","post","type-post","status-publish","format-standard","has-post-thumbnail","hentry","category-activitats"],"_links":{"self":[{"href":"https:\/\/iceberg.udg.edu\/index.php?rest_route=\/wp\/v2\/posts\/17217","targetHints":{"allow":["GET"]}}],"collection":[{"href":"https:\/\/iceberg.udg.edu\/index.php?rest_route=\/wp\/v2\/posts"}],"about":[{"href":"https:\/\/iceberg.udg.edu\/index.php?rest_route=\/wp\/v2\/types\/post"}],"author":[{"embeddable":true,"href":"https:\/\/iceberg.udg.edu\/index.php?rest_route=\/wp\/v2\/users\/1"}],"replies":[{"embeddable":true,"href":"https:\/\/iceberg.udg.edu\/index.php?rest_route=%2Fwp%2Fv2%2Fcomments&post=17217"}],"version-history":[{"count":5,"href":"https:\/\/iceberg.udg.edu\/index.php?rest_route=\/wp\/v2\/posts\/17217\/revisions"}],"predecessor-version":[{"id":17278,"href":"https:\/\/iceberg.udg.edu\/index.php?rest_route=\/wp\/v2\/posts\/17217\/revisions\/17278"}],"wp:featuredmedia":[{"embeddable":true,"href":"https:\/\/iceberg.udg.edu\/index.php?rest_route=\/wp\/v2\/media\/17219"}],"wp:attachment":[{"href":"https:\/\/iceberg.udg.edu\/index.php?rest_route=%2Fwp%2Fv2%2Fmedia&parent=17217"}],"wp:term":[{"taxonomy":"category","embeddable":true,"href":"https:\/\/iceberg.udg.edu\/index.php?rest_route=%2Fwp%2Fv2%2Fcategories&post=17217"},{"taxonomy":"post_tag","embeddable":true,"href":"https:\/\/iceberg.udg.edu\/index.php?rest_route=%2Fwp%2Fv2%2Ftags&post=17217"}],"curies":[{"name":"wp","href":"https:\/\/api.w.org\/{rel}","templated":true}]}}