{"id":17430,"date":"2024-04-23T12:03:45","date_gmt":"2024-04-23T10:03:45","guid":{"rendered":"https:\/\/icebergng.udg.edu\/?p=17430"},"modified":"2024-04-23T12:03:47","modified_gmt":"2024-04-23T10:03:47","slug":"taller-sobre-com-comunicar-avalua-la-competencia-comunicativa-telepresencial-2","status":"publish","type":"post","link":"https:\/\/iceberg.udg.edu\/?p=17430","title":{"rendered":"Taller sobre Com Comunicar. Avalua la compet\u00e8ncia comunicativa [Telepresencial]"},"content":{"rendered":"\n<p><strong><strong><strong>Activitat adre\u00e7ada al PDI de la UdG. Inclosa en el Pla de Formaci\u00f3 del Personal Docent i Investigador<\/strong>.<\/strong><\/strong><\/p>\n\n\n\n<p>M\u00e9s enll\u00e0 dels continguts te\u00f2rics, els docents hem d\u2019avaluar tamb\u00e9 la compet\u00e8ncia comunicativa dels estudiants. L\u2019eina\u00a0<a rel=\"noreferrer noopener\" href=\"https:\/\/www.upc.edu\/slt\/comcomunicar\/\" target=\"_blank\"><strong>Com comunicar<\/strong><\/a>\u00a0ofereix recursos i r\u00fabriques per a l\u2019avaluaci\u00f3 d\u2019una exposici\u00f3 oral o d\u2019un treball escrit en catal\u00e0, castell\u00e0 i aran\u00e8s, per\u00f2 tamb\u00e9 per avaluar l\u2019exposici\u00f3 oral d\u2019un treball en angl\u00e8s. Presenta un\u00a0<a rel=\"noreferrer noopener\" href=\"https:\/\/www.upc.edu\/slt\/comcomunicar\/curs\/expressio-oral\" target=\"_blank\"><strong>cas real d\u2019exposici\u00f3 oral<\/strong><\/a>\u00a0d\u2019un treball a classe, una\u00a0<strong><a rel=\"noreferrer noopener\" href=\"https:\/\/www.upc.edu\/slt\/comcomunicar\/curs\/expressio-escrita\" target=\"_blank\">videoguia\u00a0<\/a><\/strong>sobre el proc\u00e9s de redacci\u00f3 d\u2019un treball, recomanacions per donar feedback a l\u2019estudiantat i dues r\u00fabriques d\u2019avaluaci\u00f3, una per a la\u00a0<strong><a rel=\"noreferrer noopener\" href=\"https:\/\/www.upc.edu\/slt\/comcomunicar\/curs\/expressio-oralhttp:\/\/\" target=\"_blank\">comunicaci\u00f3 oral<\/a><\/strong>\u00a0i una altra per a la\u00a0<strong><a rel=\"noreferrer noopener\" href=\"https:\/\/www.upc.edu\/slt\/comcomunicar\/curs\/expressio-escritahttp:\/\/\" target=\"_blank\">comunicaci\u00f3 escrita<\/a><\/strong>. En aquest taller es presentar\u00e0 aquest recurs i es practicar\u00e0 l\u2019\u00fas de les r\u00fabriques i la seva personalitzaci\u00f3.<\/p>\n\n\n\n<p><strong>Organitza:<\/strong>\u00a0Institut de Ci\u00e8ncies de l&#8217;Educaci\u00f3 Josep Pallach &#8211; Servei d&#8217;Aprenentatge i Innovaci\u00f3 Docent de la Universitat de Girona<\/p>\n\n\n\n<p><strong>A c\u00e0rrec de<\/strong>: \u00a0M\u00edriam Salvatierra, Institut de Ci\u00e8ncies de l&#8217;Educaci\u00f3 Josep Pallach &#8211; Servei d&#8217;Aprenentatge i Innovaci\u00f3 Docent de la Universitat de Girona<\/p>\n\n\n\n<hr class=\"wp-block-separator has-alpha-channel-opacity\"\/>\n\n\n\n<p><strong>Calendari<\/strong>: <strong>Primera sessi\u00f3:<\/strong>\u00a010 de maig de 2024 de 9:30 a 11:30 h. <strong>Segona sessi\u00f3:<\/strong>\u00a0 24 de maig de 2024 de 9:30 a 10:30 h<\/p>\n\n\n\n<p><strong>Localitzaci\u00f3: <\/strong>Es realitzar\u00e0 amb la plataforma<strong>\u00a0Teams<\/strong>. S\u2019enviar\u00e0 amb antelaci\u00f3 als participants un enlla\u00e7 per connectar-se a les sessions.\u00a0<\/p>\n\n\n\n<p><strong>Total: <\/strong>3 hores<\/p>\n\n\n\n<p><strong>Matr\u00edcula:<\/strong> Del 4\/3\/2024 10:00:00 fins al 8\/5\/2024 10:00:00\u00a0<\/p>\n\n\n\n<div class=\"wp-block-columns is-layout-flex wp-container-core-columns-is-layout-9d6595d7 wp-block-columns-is-layout-flex\">\n<div class=\"wp-block-column is-layout-flow wp-block-column-is-layout-flow\" style=\"flex-basis:100%\">\n<div class=\"wp-block-buttons is-content-justification-center is-layout-flex wp-container-core-buttons-is-layout-16018d1d wp-block-buttons-is-layout-flex\">\n<div class=\"wp-block-button has-custom-width wp-block-button__width-25 is-style-fill\"><a class=\"wp-block-button__link has-black-color has-text-color wp-element-button\" href=\"https:\/\/apps.udg.edu\/MAU\/ice\/Client\/Oferta\/Detall\/6824?apart=0\" style=\"border-radius:7px\"><strong>M\u00e9s informaci\u00f3<\/strong><\/a><\/div>\n<\/div>\n<\/div>\n<\/div>\n","protected":false},"excerpt":{"rendered":"<p>Activitat adre\u00e7ada al PDI de la UdG. Inclosa en el Pla de Formaci\u00f3 del Personal Docent i Investigador. M\u00e9s enll\u00e0 dels continguts te\u00f2rics, els docents hem d\u2019avaluar tamb\u00e9 la compet\u00e8ncia comunicativa dels estudiants. L\u2019eina\u00a0Com comunicar\u00a0ofereix recursos i r\u00fabriques per a l\u2019avaluaci\u00f3 d\u2019una exposici\u00f3 oral o d\u2019un treball escrit en catal\u00e0, castell\u00e0 i aran\u00e8s, per\u00f2 tamb\u00e9 [&hellip;]<\/p>\n","protected":false},"author":1,"featured_media":17431,"comment_status":"open","ping_status":"closed","sticky":false,"template":"","format":"standard","meta":{"footnotes":""},"categories":[20],"tags":[],"class_list":["post-17430","post","type-post","status-publish","format-standard","has-post-thumbnail","hentry","category-activitats"],"_links":{"self":[{"href":"https:\/\/iceberg.udg.edu\/index.php?rest_route=\/wp\/v2\/posts\/17430","targetHints":{"allow":["GET"]}}],"collection":[{"href":"https:\/\/iceberg.udg.edu\/index.php?rest_route=\/wp\/v2\/posts"}],"about":[{"href":"https:\/\/iceberg.udg.edu\/index.php?rest_route=\/wp\/v2\/types\/post"}],"author":[{"embeddable":true,"href":"https:\/\/iceberg.udg.edu\/index.php?rest_route=\/wp\/v2\/users\/1"}],"replies":[{"embeddable":true,"href":"https:\/\/iceberg.udg.edu\/index.php?rest_route=%2Fwp%2Fv2%2Fcomments&post=17430"}],"version-history":[{"count":1,"href":"https:\/\/iceberg.udg.edu\/index.php?rest_route=\/wp\/v2\/posts\/17430\/revisions"}],"predecessor-version":[{"id":17432,"href":"https:\/\/iceberg.udg.edu\/index.php?rest_route=\/wp\/v2\/posts\/17430\/revisions\/17432"}],"wp:featuredmedia":[{"embeddable":true,"href":"https:\/\/iceberg.udg.edu\/index.php?rest_route=\/wp\/v2\/media\/17431"}],"wp:attachment":[{"href":"https:\/\/iceberg.udg.edu\/index.php?rest_route=%2Fwp%2Fv2%2Fmedia&parent=17430"}],"wp:term":[{"taxonomy":"category","embeddable":true,"href":"https:\/\/iceberg.udg.edu\/index.php?rest_route=%2Fwp%2Fv2%2Fcategories&post=17430"},{"taxonomy":"post_tag","embeddable":true,"href":"https:\/\/iceberg.udg.edu\/index.php?rest_route=%2Fwp%2Fv2%2Ftags&post=17430"}],"curies":[{"name":"wp","href":"https:\/\/api.w.org\/{rel}","templated":true}]}}