{"id":19346,"date":"2024-12-02T12:36:01","date_gmt":"2024-12-02T11:36:01","guid":{"rendered":"https:\/\/icebergng.udg.edu\/?p=19346"},"modified":"2025-01-13T12:41:29","modified_gmt":"2025-01-13T11:41:29","slug":"estrategies-de-comunicacio-a-la-udg-i-i-ii","status":"publish","type":"post","link":"https:\/\/iceberg.udg.edu\/?p=19346","title":{"rendered":"Estrat\u00e8gies de comunicaci\u00f3 a la UdG (I, II, III i IV)"},"content":{"rendered":"\n<p><strong><strong>Activitat per a PDI i PTGAS inclosa al Pla Anual de Formaci\u00f3 de&nbsp;la UdG.<\/strong><\/strong><\/p>\n\n\n\n<p>El curs&nbsp;<em>Estrat\u00e8gies de comunicaci\u00f3 a la UdG&nbsp;<\/em>inclou quatre m\u00f2duls en comunicaci\u00f3 amb l\u2019objectiu d\u2019ordenar, difondre i protocol\u00b7litzar els diferents circuits existents en la comunicaci\u00f3 d\u2019actes, projectes, esdeveniments i jornades en coordinaci\u00f3 amb l\u2019\u00c0rea de Comunicaci\u00f3 i Relacions Institucionals a l\u2019hora de planificar la difusi\u00f3 institucional.&nbsp;<\/p>\n\n\n\n<p><strong>Organitza:&nbsp;<\/strong>\u00c0rea de Comunicaci\u00f3 i Relacions Institucionals amb la col\u00b7laboraci\u00f3 de l&#8217;Institut de Ci\u00e8ncies de l\u2019Educaci\u00f3 Josep Pallach &#8211; Servei d&#8217;Aprenentatge i Innovaci\u00f3 Docent de la Universitat de Girona.<\/p>\n\n\n\n<p><strong>A c\u00e0rrec de:<\/strong>&nbsp;Ol\u00edmpia Trias, responsable de comunicaci\u00f3 interna i externa (ACRI)<\/p>\n\n\n\n<p><strong>Localitzaci\u00f3 de totes les activitats:<\/strong><br>Aula de formaci\u00f3 de l&#8217;ICE-SAID<br>Edifici Jaume Casademont. Porta B, 1r pis.<br>Parc de Recerca i Innovaci\u00f3 de la UdG.<br><\/p>\n\n\n\n<hr class=\"wp-block-separator has-alpha-channel-opacity\"\/>\n\n\n\n<p><br><strong>Estrat\u00e8gies de comunicaci\u00f3 a la UdG I &#8211; Com publicar not\u00edcies i activitats al web de la UdG<\/strong>.<br><br><strong><mark style=\"background-color:#fcb900\" class=\"has-inline-color has-black-color\">ATENCI\u00d3!  MATR\u00cdCULA TANCADA PER A AQUEST M\u00d2DUL I.<\/mark><\/strong><br><\/p>\n\n\n\n<p><strong>Programa<\/strong>:<\/p>\n\n\n\n<ol class=\"wp-block-list\">\n<li>Introducci\u00f3 a la comunicaci\u00f3 corporativa<\/li>\n\n\n\n<li>Diferenciaci\u00f3 de p\u00fablics interns i externs<\/li>\n\n\n\n<li>Criteris de publicaci\u00f3 de not\u00edcies i activitats<\/li>\n\n\n\n<li>Circuits per a la publicaci\u00f3 d\u2019informacions<\/li>\n\n\n\n<li>Estructura d\u2019una not\u00edcia: elements formals i continguts<\/li>\n\n\n\n<li>Estructura d\u2019una activitat d\u2019agenda: elements formals i continguts<\/li>\n\n\n\n<li>Edici\u00f3 de not\u00edcies i activitats a la p\u00e0gina web<\/li>\n<\/ol>\n\n\n\n<p><strong>Total:<\/strong> 4 hores.<\/p>\n\n\n\n<p><strong>Calendari: <\/strong>8 i 15 de gener de 2025, de 10:00 h a 12:00 h<\/p>\n\n\n\n<p><strong>Matr\u00edcula:<\/strong> Del 29\/11\/2024 10:00:00 fins al 7\/1\/2025 10:00:00&nbsp;<\/p>\n\n\n\n<div class=\"wp-block-columns is-layout-flex wp-container-core-columns-is-layout-9d6595d7 wp-block-columns-is-layout-flex\">\n<div class=\"wp-block-column is-layout-flow wp-block-column-is-layout-flow\" style=\"flex-basis:100%\">\n<hr class=\"wp-block-separator has-alpha-channel-opacity\"\/>\n<\/div>\n<\/div>\n\n\n\n<p><strong>Estrat\u00e8gies de comunicaci\u00f3 a la UdG II \u2013 Com ens relacionem amb els mitjans de comunicaci\u00f3<\/strong><br><\/p>\n\n\n\n<p><strong><mark style=\"background-color:#fcb900\" class=\"has-inline-color has-black-color\">ATENCI\u00d3! <br>PLACES EXHAURIDES AMB LLISTA D&#8217;ESPERA OBERTA PER A AQUEST M\u00d2DUL II. <\/mark><\/strong><\/p>\n\n\n\n<p><strong>Programa:<\/strong><\/p>\n\n\n\n<ol class=\"wp-block-list\">\n<li>La UdG com a font d\u2019informaci\u00f3<\/li>\n\n\n\n<li>Com treballen els periodistes<\/li>\n\n\n\n<li>La nota de premsa, la roda de premsa i la convocat\u00f2ria de premsa&nbsp;<\/li>\n\n\n\n<li>Com relacionar-se amb els periodistes<\/li>\n\n\n\n<li>An\u00e0lisi de l\u2019impacte resultant<\/li>\n<\/ol>\n\n\n\n<p><strong>Total:<\/strong> 2 hores.<\/p>\n\n\n\n<p><strong>Calendari<\/strong><strong>:<\/strong> 22 de gener de 2025, de 10:00 h a 12:00 h&nbsp;<\/p>\n\n\n\n<p><strong>Matr\u00edcula:<\/strong> Del 29\/11\/2024 12:00:00 fins al 21\/1\/2025 10:00:00&nbsp;<br><\/p>\n\n\n\n<hr class=\"wp-block-separator has-alpha-channel-opacity\"\/>\n\n\n\n<p><br><br><strong>Estrat\u00e8gies de comunicaci\u00f3 a la UdG III &#8211; Com organitzar actes institucionals a la Ud<\/strong>G<\/p>\n\n\n\n<p><strong>Programa:<\/strong><\/p>\n\n\n\n<ol class=\"wp-block-list\">\n<li>Import\u00e0ncia dels actes institucionals en la projecci\u00f3 de la universitat.<\/li>\n\n\n\n<li>Tipologia d\u2019actes universitaris.<\/li>\n\n\n\n<li>Planificaci\u00f3 dels actes: circuits, procediments, assignaci\u00f3 de funcions i unitats que hi intervenen.<\/li>\n\n\n\n<li>Elements visuals i materials que cal tenir en compte. &nbsp;<\/li>\n\n\n\n<li>Gesti\u00f3 dels espais.<\/li>\n\n\n\n<li>Bases del protocol institucional.<\/li>\n\n\n\n<li>Elaboraci\u00f3 de programes d\u2019actes: estructura formal.<\/li>\n\n\n\n<li>Comunicaci\u00f3 pr\u00e8via, simult\u00e0nia i posterior dels actes institucionals.&nbsp;<\/li>\n<\/ol>\n\n\n\n<p><strong>Total: <\/strong>2 hores.<\/p>\n\n\n\n<p><strong>Calendari: <\/strong>29 de gener de 2025, de 09:00 h a 11:00 h<\/p>\n\n\n\n<p><strong>Matr\u00edcula:<\/strong> Del 16\/12\/2024 10:00:00 fins al 27\/1\/2025 10:00:00&nbsp;<\/p>\n\n\n\n<hr class=\"wp-block-separator has-alpha-channel-opacity\"\/>\n\n\n\n<p><br><br><strong>Estrat\u00e8gies de comunicaci\u00f3 a la UdG IV \u2013 Com comunicar a les xarxes socials<\/strong><\/p>\n\n\n\n<p><strong>Programa:<\/strong><\/p>\n\n\n\n<ol class=\"wp-block-list\">\n<li>Tipus de xarxes socials en funci\u00f3 dels p\u00fablics.<\/li>\n\n\n\n<li>Estrat\u00e8gies per a la creaci\u00f3 de comunitats a les xarxes socials corporatives, per generar reputaci\u00f3 i aconseguir interacci\u00f3 amb els p\u00fablics.<\/li>\n\n\n\n<li>Planificaci\u00f3 de continguts: calendari mensual.<\/li>\n\n\n\n<li>Bones pr\u00e0ctiques en l&#8217;\u00fas de les xarxes socials.<\/li>\n\n\n\n<li>Eines gr\u00e0fiques de suport.<\/li>\n\n\n\n<li>Campanyes publicit\u00e0ries a les xarxes.<\/li>\n\n\n\n<li>M\u00e8triques per mesurar l&#8217;impacte.<\/li>\n\n\n\n<li>Presentaci\u00f3 de la guia de xarxes socials de la UdG.<\/li>\n<\/ol>\n\n\n\n<p><strong>Total:<\/strong> 2 hores.<\/p>\n\n\n\n<p><strong>Calendari: <\/strong>5 de febrer&nbsp;de 2025, de 09:00 h a 11:00&nbsp;<\/p>\n\n\n\n<p><strong>Matr\u00edcula:<\/strong> Del 16\/12\/2024 10:00:00 fins al 3\/2\/2025 10:00:00&nbsp;<\/p>\n\n\n\n<div class=\"wp-block-buttons is-content-justification-center is-layout-flex wp-container-core-buttons-is-layout-51f7783f wp-block-buttons-is-layout-flex\">\n<div class=\"wp-block-button\"><a class=\"wp-block-button__link wp-element-button\" href=\"https:\/\/apps.udg.edu\/MAU\/rh\/Client\/Oferta\/Detall\/23768?apart=0\">M\u00e9s informaci\u00f3<\/a><\/div>\n<\/div>\n","protected":false},"excerpt":{"rendered":"<p>Despr\u00e9s d&#8217;esgotar les places disponibles per al m\u00f2dul II d&#8217;Estrat\u00e8gies de Comunicaci\u00f3 a la UdG, us convidem a matricular-vos al m\u00f2dul III que es dur\u00e0 a terme el 29 de gener i abordar\u00e0 les relacions amb l&#8217;organitzaci\u00f3 d&#8217;actes institucionals a la UdG destacant la planificaci\u00f3 i protocol.<\/p>\n<p>El m\u00f2dul IV se centra en l&#8217;\u00fas de xarxes socials per crear comunitats i gestionar continguts. Es portar\u00e0 a terme el dia 5 de febrer.<\/p>\n","protected":false},"author":2,"featured_media":19347,"comment_status":"open","ping_status":"closed","sticky":false,"template":"","format":"standard","meta":{"footnotes":""},"categories":[20],"tags":[],"class_list":["post-19346","post","type-post","status-publish","format-standard","has-post-thumbnail","hentry","category-activitats"],"_links":{"self":[{"href":"https:\/\/iceberg.udg.edu\/index.php?rest_route=\/wp\/v2\/posts\/19346","targetHints":{"allow":["GET"]}}],"collection":[{"href":"https:\/\/iceberg.udg.edu\/index.php?rest_route=\/wp\/v2\/posts"}],"about":[{"href":"https:\/\/iceberg.udg.edu\/index.php?rest_route=\/wp\/v2\/types\/post"}],"author":[{"embeddable":true,"href":"https:\/\/iceberg.udg.edu\/index.php?rest_route=\/wp\/v2\/users\/2"}],"replies":[{"embeddable":true,"href":"https:\/\/iceberg.udg.edu\/index.php?rest_route=%2Fwp%2Fv2%2Fcomments&post=19346"}],"version-history":[{"count":10,"href":"https:\/\/iceberg.udg.edu\/index.php?rest_route=\/wp\/v2\/posts\/19346\/revisions"}],"predecessor-version":[{"id":19508,"href":"https:\/\/iceberg.udg.edu\/index.php?rest_route=\/wp\/v2\/posts\/19346\/revisions\/19508"}],"wp:featuredmedia":[{"embeddable":true,"href":"https:\/\/iceberg.udg.edu\/index.php?rest_route=\/wp\/v2\/media\/19347"}],"wp:attachment":[{"href":"https:\/\/iceberg.udg.edu\/index.php?rest_route=%2Fwp%2Fv2%2Fmedia&parent=19346"}],"wp:term":[{"taxonomy":"category","embeddable":true,"href":"https:\/\/iceberg.udg.edu\/index.php?rest_route=%2Fwp%2Fv2%2Fcategories&post=19346"},{"taxonomy":"post_tag","embeddable":true,"href":"https:\/\/iceberg.udg.edu\/index.php?rest_route=%2Fwp%2Fv2%2Ftags&post=19346"}],"curies":[{"name":"wp","href":"https:\/\/api.w.org\/{rel}","templated":true}]}}