{"id":19569,"date":"2025-02-03T09:11:25","date_gmt":"2025-02-03T08:11:25","guid":{"rendered":"https:\/\/icebergng.udg.edu\/?p=19569"},"modified":"2025-02-06T13:04:13","modified_gmt":"2025-02-06T12:04:13","slug":"1a-jornada-interuniversitaria-xarxa-aula-inversa-de-les-universitats-catalanes","status":"publish","type":"post","link":"https:\/\/iceberg.udg.edu\/?p=19569","title":{"rendered":"1a Jornada interuniversit\u00e0ria Xarxa Aula Inversa de les universitats catalanes"},"content":{"rendered":"\n<p>El divendres 24 de gener va tenir lloc a la Universitat de Girona la <a rel=\"noreferrer noopener\" href=\"https:\/\/esdeveniments.udg.edu\/127148\/detail\/1a-jornada-xarxa-aula-inversa-universitats-catalanes.html\" target=\"_blank\">Primera Jornada Interuniversit\u00e0ria d&#8217;Aula Inversa de les universitats catalanes<\/a>. <\/p>\n\n\n\n<p>La <a rel=\"noreferrer noopener\" href=\"https:\/\/www.udg.edu\/ca\/ice\/innovacio-docent\/xarxes-dinnovacio-docent\/xid-classe-inversa\" target=\"_blank\">Xarxa d\u2019Innovaci\u00f3 Docent Classe Inversa de l\u2019ICE de la UdG<\/a>, conjuntament amb altres membres de les universitats catalanes que treballen amb Aula Inversa (AI), van proposar aquesta jornada amb l\u2019objectiu de con\u00e8ixer qu\u00e8 s\u2019est\u00e0 fent en relaci\u00f3 amb l\u2019AI en l&#8217;\u00e0mbit de les universitats i compartir experi\u00e8ncies personals en l&#8217;aplicaci\u00f3 d\u2019AI en la doc\u00e8ncia universit\u00e0ria.<\/p>\n\n\n\n<p>La jornada, a m\u00e9s de posar en com\u00fa qu\u00e8 fa cada universitat en relaci\u00f3 a aquesta metodologia, tamb\u00e9 va incloure una reuni\u00f3 per avan\u00e7ar en la constituci\u00f3 d\u2019aquesta Xarxa Interuniversit\u00e0ria.<\/p>\n\n\n\n<p>La intenci\u00f3 \u00e9s crear una Xarxa Catalana Interuniversit\u00e0ria sobre Aula Inversa en la qual han posat de manifest la voluntat de participar-hi professors\/es de pr\u00e0cticament totes les universitats catalanes: Universitat de Girona, Universitat de Barcelona, Universitat Aut\u00f2noma de Barcelona,&nbsp;la Universitat Polit\u00e8cnica de Catalunya, Universitat Pompeu Fabra,&nbsp; Universitat de Lleida, Universitat Rovira i Virgili, Universitat de Vic-Universitat Central de Catalunya, Universitat Abat Oliva CEU, Universitat&nbsp; Ramon Llull, Universitat Internacional de Catalunya. Els objectius que es plantegen per aquesta Xarxa Interuniversit\u00e0ria s\u2019han recollit en un document de Declaraci\u00f3 d\u2019Intencions que s&#8217;ha fet arribar als vicerectorats de l&#8217;\u00e0mbit d&#8217;aquestes universitats. <\/p>\n\n\n\n<p>Van participar en la jornada una trentena de professors i professores de les universitats esmentades.<\/p>\n\n\n\n<p>La <a rel=\"noreferrer noopener\" href=\"https:\/\/www.udg.edu\/ca\/ice\/innovacio-docent\/xarxes-dinnovacio-docent\/xid-classe-inversa\" target=\"_blank\">Xarxa d\u2019Innovaci\u00f3 Docent Classe Inversa de l\u2019ICE de la UdG<\/a> est\u00e0 formada per professorat i personal investigador de diferents \u00e0mbits de coneixement. La XID desenvolupa accions, projectes i recerques relacionats amb el model de classe inversa i es reuneix peri\u00f2dicament per reflexionar sobre la pr\u00e0ctica d&#8217;implementaci\u00f3 del m\u00e8tode a l&#8217;aula i l&#8217;experi\u00e8ncia del professorat que en forma part.<\/p>\n\n\n\n<p>Si com a professor\/a de la UdG tens inter\u00e8s en con\u00e8ixer millor l&#8217;activitat de la XID, participar i\/o plantejar la teva col\u00b7laboraci\u00f3 en la mateixa pots fer-nos-ho saber a <a href=\"mailto:ice-said.docencia@udg.edu\" target=\"_blank\" rel=\"noreferrer noopener\">ice-said.docencia@udg.edu<\/a> i t&#8217;hi posarem en contacte.   <\/p>\n\n\n\n<p><\/p>\n","protected":false},"excerpt":{"rendered":"<p>El divendres 24 de gener va tenir lloc a la Universitat de Girona la Primera Jornada Interuniversit\u00e0ria d&#8217;Aula Inversa de les universitats catalanes impulsada per la Xarxa d&#8217;Innovaci\u00f3 Docent sobre Classe Inversa de l&#8217;ICE UdG.<\/p>\n","protected":false},"author":2,"featured_media":19572,"comment_status":"open","ping_status":"closed","sticky":false,"template":"","format":"standard","meta":{"footnotes":""},"categories":[23],"tags":[],"class_list":["post-19569","post","type-post","status-publish","format-standard","has-post-thumbnail","hentry","category-noticies"],"_links":{"self":[{"href":"https:\/\/iceberg.udg.edu\/index.php?rest_route=\/wp\/v2\/posts\/19569","targetHints":{"allow":["GET"]}}],"collection":[{"href":"https:\/\/iceberg.udg.edu\/index.php?rest_route=\/wp\/v2\/posts"}],"about":[{"href":"https:\/\/iceberg.udg.edu\/index.php?rest_route=\/wp\/v2\/types\/post"}],"author":[{"embeddable":true,"href":"https:\/\/iceberg.udg.edu\/index.php?rest_route=\/wp\/v2\/users\/2"}],"replies":[{"embeddable":true,"href":"https:\/\/iceberg.udg.edu\/index.php?rest_route=%2Fwp%2Fv2%2Fcomments&post=19569"}],"version-history":[{"count":8,"href":"https:\/\/iceberg.udg.edu\/index.php?rest_route=\/wp\/v2\/posts\/19569\/revisions"}],"predecessor-version":[{"id":19615,"href":"https:\/\/iceberg.udg.edu\/index.php?rest_route=\/wp\/v2\/posts\/19569\/revisions\/19615"}],"wp:featuredmedia":[{"embeddable":true,"href":"https:\/\/iceberg.udg.edu\/index.php?rest_route=\/wp\/v2\/media\/19572"}],"wp:attachment":[{"href":"https:\/\/iceberg.udg.edu\/index.php?rest_route=%2Fwp%2Fv2%2Fmedia&parent=19569"}],"wp:term":[{"taxonomy":"category","embeddable":true,"href":"https:\/\/iceberg.udg.edu\/index.php?rest_route=%2Fwp%2Fv2%2Fcategories&post=19569"},{"taxonomy":"post_tag","embeddable":true,"href":"https:\/\/iceberg.udg.edu\/index.php?rest_route=%2Fwp%2Fv2%2Ftags&post=19569"}],"curies":[{"name":"wp","href":"https:\/\/api.w.org\/{rel}","templated":true}]}}