{"id":19594,"date":"2025-02-03T10:59:04","date_gmt":"2025-02-03T09:59:04","guid":{"rendered":"https:\/\/icebergng.udg.edu\/?p=19594"},"modified":"2025-02-03T10:59:06","modified_gmt":"2025-02-03T09:59:06","slug":"apren-a-organitzar-un-esdeveniment-amb-loficina-de-congressos-de-la-fundacio-udg","status":"publish","type":"post","link":"https:\/\/iceberg.udg.edu\/?p=19594","title":{"rendered":"Apr\u00e8n a organitzar un esdeveniment amb l&#8217;Oficina de Congressos de la Fundaci\u00f3 UdG"},"content":{"rendered":"\n<p><strong>Presentaci\u00f3<\/strong>: A la present activitat s\u2019explicaran les principals tasques per tal de garantir l\u2019\u00e8xit d\u2019un esdeveniment, que van des de la gesti\u00f3 de la secretaria t\u00e8cnica i administrativa, la coordinaci\u00f3 de la secretaria cient\u00edfica, el control econ\u00f2mic i tota la seva log\u00edstica (espais, ponents, prove\u00efdors, programa social, etc.). Tamb\u00e9, es pret\u00e9n dotar el PDI i PTGAS de les eines necess\u00e0ries per presentar candidatures apostant per la UdG com a futur seu d\u2019un congr\u00e9s promovent el reconeixement cient\u00edfic i acad\u00e8mic de la Universitat i generant un impacte socioecon\u00f2mic positiu a la ciutat de Girona. Activitat a c\u00e0rrec de la Sra. Pilar Sabat\u00e9 i la Sra. Helena Ventura.<\/p>\n\n\n\n<p><strong>Calendari:<\/strong> 4 de mar\u00e7 de 2025 de&nbsp;9.30 h a 11h<br><br><strong>Matr\u00edcula:<\/strong> Del 20\/1\/2025 10:00:00 fins al 28\/2\/2025 10:00:00&nbsp;<br><\/p>\n\n\n\n<div class=\"wp-block-buttons is-layout-flex wp-block-buttons-is-layout-flex\">\n<div class=\"wp-block-button aligncenter\"><a class=\"wp-block-button__link wp-element-button\" href=\"https:\/\/apps.udg.edu\/MAU\/rh\/Client\/Oferta\/Detall\/24799?apart=0\" target=\"_blank\" rel=\"noreferrer noopener\">M\u00e9s informaci\u00f3<\/a><\/div>\n<\/div>\n","protected":false},"excerpt":{"rendered":"<p>Aquesta activitat pret\u00e9n dotar al personal PDI i PTGAS de les eines necess\u00e0ries a m\u00e9s de les principals tasques per tal de garantir l\u2019\u00e8xit d\u2019un esdeveniment, que van des de la gesti\u00f3 de la secretaria t\u00e8cnica i administrativa, la coordinaci\u00f3 de la secretaria cient\u00edfica, el control econ\u00f2mic i tota la seva log\u00edstica. La matr\u00edcula estar\u00e0 oberta fins el dia 28 de febrer.<\/p>\n","protected":false},"author":1,"featured_media":19595,"comment_status":"open","ping_status":"closed","sticky":false,"template":"","format":"standard","meta":{"footnotes":""},"categories":[20],"tags":[],"class_list":["post-19594","post","type-post","status-publish","format-standard","has-post-thumbnail","hentry","category-activitats"],"_links":{"self":[{"href":"https:\/\/iceberg.udg.edu\/index.php?rest_route=\/wp\/v2\/posts\/19594","targetHints":{"allow":["GET"]}}],"collection":[{"href":"https:\/\/iceberg.udg.edu\/index.php?rest_route=\/wp\/v2\/posts"}],"about":[{"href":"https:\/\/iceberg.udg.edu\/index.php?rest_route=\/wp\/v2\/types\/post"}],"author":[{"embeddable":true,"href":"https:\/\/iceberg.udg.edu\/index.php?rest_route=\/wp\/v2\/users\/1"}],"replies":[{"embeddable":true,"href":"https:\/\/iceberg.udg.edu\/index.php?rest_route=%2Fwp%2Fv2%2Fcomments&post=19594"}],"version-history":[{"count":2,"href":"https:\/\/iceberg.udg.edu\/index.php?rest_route=\/wp\/v2\/posts\/19594\/revisions"}],"predecessor-version":[{"id":19607,"href":"https:\/\/iceberg.udg.edu\/index.php?rest_route=\/wp\/v2\/posts\/19594\/revisions\/19607"}],"wp:featuredmedia":[{"embeddable":true,"href":"https:\/\/iceberg.udg.edu\/index.php?rest_route=\/wp\/v2\/media\/19595"}],"wp:attachment":[{"href":"https:\/\/iceberg.udg.edu\/index.php?rest_route=%2Fwp%2Fv2%2Fmedia&parent=19594"}],"wp:term":[{"taxonomy":"category","embeddable":true,"href":"https:\/\/iceberg.udg.edu\/index.php?rest_route=%2Fwp%2Fv2%2Fcategories&post=19594"},{"taxonomy":"post_tag","embeddable":true,"href":"https:\/\/iceberg.udg.edu\/index.php?rest_route=%2Fwp%2Fv2%2Ftags&post=19594"}],"curies":[{"name":"wp","href":"https:\/\/api.w.org\/{rel}","templated":true}]}}