{"id":19616,"date":"2025-02-06T10:40:55","date_gmt":"2025-02-06T09:40:55","guid":{"rendered":"https:\/\/icebergng.udg.edu\/?p=19616"},"modified":"2025-02-11T12:23:56","modified_gmt":"2025-02-11T11:23:56","slug":"ampliat-el-termini-per-enviar-comunicacions-al-viii-ciedo-impacte-de-la-ia-en-la-gestio-del-coneixement","status":"publish","type":"post","link":"https:\/\/iceberg.udg.edu\/?p=19616","title":{"rendered":"Ampliat el termini per enviar comunicacions al VIII CIEDO. Impacte de la IA en la gesti\u00f3 del coneixement"},"content":{"rendered":"\n<p>&nbsp;S&#8217;ha ampliat fins al&nbsp;<strong>16 de febrer de 2025<\/strong>&nbsp;l&#8217;enviament d&#8217;aportacions al&nbsp;<a rel=\"noreferrer noopener\" href=\"https:\/\/www.edoserveis-uab.cat\/congreso2025\/\" target=\"_blank\">VIII CIEDO \u201cImpacte de la Intel\u00b7lig\u00e8ncia Artificial en la gesti\u00f3 del coneixement i de les organitzacions en la Societat 5.0\u201d<\/a>&nbsp;que se celebrar\u00e0 del 4 al 6 de juny de 2025 a la Universitat Aut\u00f2noma de Barcelona.<\/p>\n\n\n\n<p>Aquesta nova edici\u00f3 t\u00e9 com a objectiu analitzar i debatre sobre els nous plantejaments i estrat\u00e8gies utilitzades en els processos de creaci\u00f3 i gesti\u00f3 del coneixement col\u00b7lectiu en la societat 5.0, aix\u00ed com avaluar l&#8217;impacte que la intel\u00b7lig\u00e8ncia artificial (IA) est\u00e0 produint en la gesti\u00f3 del coneixement i de les organitzacions, aprofundint en eines i utilitats de la IA per promoure el desenvolupament de comunitats de pr\u00e0ctica professional.<\/p>\n\n\n\n<p>Dates importants:<\/p>\n\n\n\n<ul class=\"wp-block-list\">\n<li><strong>Dates del Congr\u00e9s:<\/strong>&nbsp;4, 5 i 6 de juny de 2025<\/li>\n\n\n\n<li><strong>Enviament d&#8217;aportacions:<\/strong>&nbsp;fins al 16 de febrer de 2025<\/li>\n\n\n\n<li><strong>Matr\u00edcula redu\u00efda:<\/strong>\u00a0fins al 31 de mar\u00e7 de 2025<\/li>\n<\/ul>\n\n\n\n<p>Aquest congres est\u00e0 organitzat per l&#8217;<a rel=\"noreferrer noopener\" href=\"https:\/\/webs.uab.cat\/gedo\/\" target=\"_blank\">Equip de Desenvolupament\u00a0Organitzacional\u00a0(EDO)<\/a> de la Universitat Aut\u00f2noma de Barcelona.<\/p>\n","protected":false},"excerpt":{"rendered":"<p>S&#8217;ha ampliat fins al\u00a016 de febrer de 2025\u00a0l&#8217;enviament d&#8217;aportacions al\u00a0VIII CIEDO \u201cImpacte de la Intel\u00b7lig\u00e8ncia Artificial en la gesti\u00f3 del coneixement i de les organitzacions en la Societat 5.0\u201d\u00a0que se celebrar\u00e0 del 4 al 6 de juny de 2025 a la Universitat Aut\u00f2noma de Barcelona.<\/p>\n","protected":false},"author":2,"featured_media":19618,"comment_status":"open","ping_status":"closed","sticky":false,"template":"","format":"standard","meta":{"footnotes":""},"categories":[23],"tags":[],"class_list":["post-19616","post","type-post","status-publish","format-standard","has-post-thumbnail","hentry","category-noticies"],"_links":{"self":[{"href":"https:\/\/iceberg.udg.edu\/index.php?rest_route=\/wp\/v2\/posts\/19616","targetHints":{"allow":["GET"]}}],"collection":[{"href":"https:\/\/iceberg.udg.edu\/index.php?rest_route=\/wp\/v2\/posts"}],"about":[{"href":"https:\/\/iceberg.udg.edu\/index.php?rest_route=\/wp\/v2\/types\/post"}],"author":[{"embeddable":true,"href":"https:\/\/iceberg.udg.edu\/index.php?rest_route=\/wp\/v2\/users\/2"}],"replies":[{"embeddable":true,"href":"https:\/\/iceberg.udg.edu\/index.php?rest_route=%2Fwp%2Fv2%2Fcomments&post=19616"}],"version-history":[{"count":4,"href":"https:\/\/iceberg.udg.edu\/index.php?rest_route=\/wp\/v2\/posts\/19616\/revisions"}],"predecessor-version":[{"id":19631,"href":"https:\/\/iceberg.udg.edu\/index.php?rest_route=\/wp\/v2\/posts\/19616\/revisions\/19631"}],"wp:featuredmedia":[{"embeddable":true,"href":"https:\/\/iceberg.udg.edu\/index.php?rest_route=\/wp\/v2\/media\/19618"}],"wp:attachment":[{"href":"https:\/\/iceberg.udg.edu\/index.php?rest_route=%2Fwp%2Fv2%2Fmedia&parent=19616"}],"wp:term":[{"taxonomy":"category","embeddable":true,"href":"https:\/\/iceberg.udg.edu\/index.php?rest_route=%2Fwp%2Fv2%2Fcategories&post=19616"},{"taxonomy":"post_tag","embeddable":true,"href":"https:\/\/iceberg.udg.edu\/index.php?rest_route=%2Fwp%2Fv2%2Ftags&post=19616"}],"curies":[{"name":"wp","href":"https:\/\/api.w.org\/{rel}","templated":true}]}}