{"id":19923,"date":"2025-04-29T11:19:50","date_gmt":"2025-04-29T09:19:50","guid":{"rendered":"https:\/\/icebergng.udg.edu\/?p=19923"},"modified":"2025-04-29T11:19:54","modified_gmt":"2025-04-29T09:19:54","slug":"community-engagement-in-higher-education-short-training-series-for-academic-and-professional-staff-telepresencial-2","status":"publish","type":"post","link":"https:\/\/iceberg.udg.edu\/?p=19923","title":{"rendered":"Community Engagement in Higher Education (Short Training Series for Academic and Professional Staff) [Telepresencial]"},"content":{"rendered":"\n<p>El projecte&nbsp;<em>Supporting Professionals and Academics for Community Engagement in Higher Education<\/em>&nbsp;(SPACE) us convida a la nostra formaci\u00f3 breu sobre \u201cAliances amb comprom\u00eds comunitari\u201d.<\/p>\n\n\n\n<p><strong>Formacions:<\/strong><br>\u2022&nbsp;<strong>Format:<\/strong>&nbsp;En l\u00ednia (a trav\u00e9s de Microsoft Teams)<br>\u2022&nbsp;<strong>Durada:<\/strong>&nbsp;Sessions de 60 minuts<br>\u2022&nbsp;<strong>Participaci\u00f3:<\/strong>&nbsp;Gratu\u00efta<br>\u2022&nbsp;<strong>Reconeixement:<\/strong>&nbsp;Certificat de Participaci\u00f3 (a demanda)<\/p>\n\n\n\n<p>Cada sessi\u00f3 ofereix coneixements pr\u00e0ctics sobre com dissenyar i integrar pr\u00e0ctiques de comprom\u00eds comunitari en els plans d&#8217;estudi acad\u00e8mics, amb confer\u00e8ncies d&#8217;experts, presentaci\u00f3 de casos reals i discussions interactives.<\/p>\n\n\n\n<p><strong>Segona sessi\u00f3 de formaci\u00f3:<\/strong><br><strong>Tema:<\/strong>&nbsp;Aliances amb comprom\u00eds comunitari: Models, \u00e8tica i consideracions pr\u00e0ctiques<br><strong>Data:<\/strong>&nbsp;Dijous, 8 de maig de 2025<br><strong>Hora:<\/strong>&nbsp;13:30\u201314:30 CET<\/p>\n\n\n\n<p>Apreneu sobre els punts forts i les limitacions dels diferents models de partenariat, amb especial atenci\u00f3 a com adaptar els enfocaments per satisfer les necessitats tant de les institucions acad\u00e8miques com de les comunitats. Es discutiran cr\u00edticament consideracions \u00e8tiques i possibles dilemes. Tamb\u00e9 s&#8217;hi destacaran els recursos necessaris per mantenir les aliances i s&#8217;oferiran estrat\u00e8gies per superar els reptes habituals.<\/p>\n\n\n\n<p id=\"tw-target-text\"><a href=\"https:\/\/forms.office.com\/pages\/responsepage.aspx?id=qHxbaagtRUWi2kLQN4TlhWtPNLyqj8tCqHpPgd0QrxdUOTc2MjZRTUVZV0ZVUDY4SjQ2MTNFQjlIUy4u&amp;route=shorturl\" data-type=\"URL\" data-id=\"https:\/\/forms.office.com\/pages\/responsepage.aspx?id=qHxbaagtRUWi2kLQN4TlhWtPNLyqj8tCqHpPgd0QrxdUOTc2MjZRTUVZV0ZVUDY4SjQ2MTNFQjlIUy4u&amp;route=shorturl\"><strong>REGISTRA&#8217;T ARA!<\/strong><\/a><\/p>\n\n\n\n<p id=\"tw-target-text\"><a href=\"https:\/\/mail-attachment.googleusercontent.com\/attachment\/u\/0\/?ui=2&amp;ik=7d98c10a2b&amp;attid=0.1&amp;permmsgid=msg-f:1830687125710563316&amp;th=1967e83dcedbe7f4&amp;view=att&amp;zw&amp;disp=inline&amp;sadnir=2&amp;saddbat=ANGjdJ9ASsDhIh_3W6j26pLnIKf7mtya0nOvQdbficnQ-HLg5Zu4XqzfJ4EJBkaneT7X1DHtMsVgyaovyKXAIYp5BXHky-noXQiWJwcJpxFI2H5GKnu2KVq6FWLirG-cIBAlEtTmjkdpXmnD7sAv0GPpcefgrA4PtsaWMY2_t-hf2h1J0np1E8UW_jBVmSIFZunCogYitsaxxsFMZhnw2fBuZAa7lzjTNNk2QTgMvmEdS7u822acUPhmvEFQbdwOE_8-xTq4gAFD3AvfjNFRi8q_fxwnRU0sSJ3Lb9eIs5gFCZCAHcL240WwbovtlAgCl0xM7E-scYgGxZnTrkv7NDMHkiq0X6jIddTWJwigDn85iG2mX6y00K4BhUltupkjjyGbNEQ7Mr-3Ov0J0PMrRFuAdEBtOJYCPz2x-DyjSApkbu0ZuvMNfWTdqlPA4fGJuP5uwfU10a_XxSHta2Y77PthuOYrLJhlid0-ZoEdoSPmC5vDLUZGWeAfg-7ncQAug_0yGUwUkcE-xQQIN4pS1p86PpiqCy1VMeQhzfdBp64VVsISyvw3AxbmLLUpFltjd-vUDXwjSdi-pMhAHeoKmICsin9QYkLv7TsxDU31SK_gjPxsVkokfDz_Bdfgxf0nlMec0krSG70XrODzamdEcW5L3wsYGyKrUwLoOIuJKRHQHXREmIXLEumhaZIehDXwPIuZE2vwtGwM3_9wMsDPO3D3Kch-iVCiC7qRTwNQ6OsZps0PCVDSr2vz9Ys-5B_WyJKmAdk7a-MN0crqAtBGbYFA8P6YTARr2MEyatcHmYxx-avyub0eLXLy-iFY98weLLV_yRYNAaYZQvKHfm1hKtoZv_fyGBVbuIqQSEIuwuk24PjBJ401ewkpWF7giNkykALot1atW_2qqJ1UtdOqLDGkVEhvqevGxaF9lZDlWhbh1Frl5bIa7LpjiYYjBURPw6c7hvWlFs9RFUQIA9-7BcZQPDt71BS3MtiGMXwJNHHoH3g74fysTNusVavqTHM\" data-type=\"URL\" data-id=\"https:\/\/mail-attachment.googleusercontent.com\/attachment\/u\/0\/?ui=2&amp;ik=7d98c10a2b&amp;attid=0.1&amp;permmsgid=msg-f:1830687125710563316&amp;th=1967e83dcedbe7f4&amp;view=att&amp;zw&amp;disp=inline&amp;sadnir=2&amp;saddbat=ANGjdJ9ASsDhIh_3W6j26pLnIKf7mtya0nOvQdbficnQ-HLg5Zu4XqzfJ4EJBkaneT7X1DHtMsVgyaovyKXAIYp5BXHky-noXQiWJwcJpxFI2H5GKnu2KVq6FWLirG-cIBAlEtTmjkdpXmnD7sAv0GPpcefgrA4PtsaWMY2_t-hf2h1J0np1E8UW_jBVmSIFZunCogYitsaxxsFMZhnw2fBuZAa7lzjTNNk2QTgMvmEdS7u822acUPhmvEFQbdwOE_8-xTq4gAFD3AvfjNFRi8q_fxwnRU0sSJ3Lb9eIs5gFCZCAHcL240WwbovtlAgCl0xM7E-scYgGxZnTrkv7NDMHkiq0X6jIddTWJwigDn85iG2mX6y00K4BhUltupkjjyGbNEQ7Mr-3Ov0J0PMrRFuAdEBtOJYCPz2x-DyjSApkbu0ZuvMNfWTdqlPA4fGJuP5uwfU10a_XxSHta2Y77PthuOYrLJhlid0-ZoEdoSPmC5vDLUZGWeAfg-7ncQAug_0yGUwUkcE-xQQIN4pS1p86PpiqCy1VMeQhzfdBp64VVsISyvw3AxbmLLUpFltjd-vUDXwjSdi-pMhAHeoKmICsin9QYkLv7TsxDU31SK_gjPxsVkokfDz_Bdfgxf0nlMec0krSG70XrODzamdEcW5L3wsYGyKrUwLoOIuJKRHQHXREmIXLEumhaZIehDXwPIuZE2vwtGwM3_9wMsDPO3D3Kch-iVCiC7qRTwNQ6OsZps0PCVDSr2vz9Ys-5B_WyJKmAdk7a-MN0crqAtBGbYFA8P6YTARr2MEyatcHmYxx-avyub0eLXLy-iFY98weLLV_yRYNAaYZQvKHfm1hKtoZv_fyGBVbuIqQSEIuwuk24PjBJ401ewkpWF7giNkykALot1atW_2qqJ1UtdOqLDGkVEhvqevGxaF9lZDlWhbh1Frl5bIa7LpjiYYjBURPw6c7hvWlFs9RFUQIA9-7BcZQPDt71BS3MtiGMXwJNHHoH3g74fysTNusVavqTHM\">M\u00e9s informaci\u00f3 sobre SPACE <\/a><\/p>\n\n\n\n<p id=\"tw-target-text\">La propera sessi\u00f3 s&#8217;informar\u00e0 als seg\u00fcents butlletins: FORMACI\u00d3 3: Lideratge comprom\u00e8s amb la comunitat: pol\u00edtiques de suport, finan\u00e7ament i esquemes d&#8217;institucionalitzaci\u00f3 &#8211; Data desembre 2025.<\/p>\n\n\n\n<figure class=\"wp-block-image size-full\"><img loading=\"lazy\" decoding=\"async\" width=\"940\" height=\"286\" src=\"https:\/\/iceberg.udg.edu\/wp-content\/uploads\/2024\/11\/image-1.png\" alt=\"\" class=\"wp-image-19289\" srcset=\"https:\/\/iceberg.udg.edu\/wp-content\/uploads\/2024\/11\/image-1.png 940w, https:\/\/iceberg.udg.edu\/wp-content\/uploads\/2024\/11\/image-1-300x91.png 300w, https:\/\/iceberg.udg.edu\/wp-content\/uploads\/2024\/11\/image-1-768x234.png 768w\" sizes=\"auto, (max-width: 940px) 100vw, 940px\" \/><\/figure>\n","protected":false},"excerpt":{"rendered":"<p>Des del projecte Supporting Professionals and Academics for Community Engagement in Higher Education (SPACE) en el qual participa la Universitat de Girona, s\u2019ofereixen diferents sessions formatives sobre temes referits al disseny, la implementaci\u00f3 i la integraci\u00f3 de pr\u00e0ctiques compromeses amb la comunitat en els plans d\u2019estudis acad\u00e8mics. Les sessions s\u00f3n gratu\u00eftes per al personal de la UdG, es realitzaran en angl\u00e8s i la segona capacitaci\u00f3 es dur\u00e0 a terme el dia 8 de maig de 2025.<\/p>\n","protected":false},"author":1,"featured_media":19924,"comment_status":"open","ping_status":"closed","sticky":false,"template":"","format":"standard","meta":{"footnotes":""},"categories":[27],"tags":[],"class_list":["post-19923","post","type-post","status-publish","format-standard","has-post-thumbnail","hentry","category-altres-propostes"],"_links":{"self":[{"href":"https:\/\/iceberg.udg.edu\/index.php?rest_route=\/wp\/v2\/posts\/19923","targetHints":{"allow":["GET"]}}],"collection":[{"href":"https:\/\/iceberg.udg.edu\/index.php?rest_route=\/wp\/v2\/posts"}],"about":[{"href":"https:\/\/iceberg.udg.edu\/index.php?rest_route=\/wp\/v2\/types\/post"}],"author":[{"embeddable":true,"href":"https:\/\/iceberg.udg.edu\/index.php?rest_route=\/wp\/v2\/users\/1"}],"replies":[{"embeddable":true,"href":"https:\/\/iceberg.udg.edu\/index.php?rest_route=%2Fwp%2Fv2%2Fcomments&post=19923"}],"version-history":[{"count":4,"href":"https:\/\/iceberg.udg.edu\/index.php?rest_route=\/wp\/v2\/posts\/19923\/revisions"}],"predecessor-version":[{"id":19929,"href":"https:\/\/iceberg.udg.edu\/index.php?rest_route=\/wp\/v2\/posts\/19923\/revisions\/19929"}],"wp:featuredmedia":[{"embeddable":true,"href":"https:\/\/iceberg.udg.edu\/index.php?rest_route=\/wp\/v2\/media\/19924"}],"wp:attachment":[{"href":"https:\/\/iceberg.udg.edu\/index.php?rest_route=%2Fwp%2Fv2%2Fmedia&parent=19923"}],"wp:term":[{"taxonomy":"category","embeddable":true,"href":"https:\/\/iceberg.udg.edu\/index.php?rest_route=%2Fwp%2Fv2%2Fcategories&post=19923"},{"taxonomy":"post_tag","embeddable":true,"href":"https:\/\/iceberg.udg.edu\/index.php?rest_route=%2Fwp%2Fv2%2Ftags&post=19923"}],"curies":[{"name":"wp","href":"https:\/\/api.w.org\/{rel}","templated":true}]}}