{"id":20024,"date":"2025-05-23T16:08:20","date_gmt":"2025-05-23T14:08:20","guid":{"rendered":"https:\/\/icebergng.udg.edu\/?p=20024"},"modified":"2025-05-26T12:49:22","modified_gmt":"2025-05-26T10:49:22","slug":"gestio-de-conflictes-basats-en-lempatia","status":"publish","type":"post","link":"https:\/\/iceberg.udg.edu\/?p=20024","title":{"rendered":"Gesti\u00f3 de conflictes basats en l&#8217;empatia"},"content":{"rendered":"\n<p><strong>Activitat per a PDI i PTGAS inclosa al Pla Anual de Formaci\u00f3 de la UdG<\/strong><\/p>\n\n\n\n<p><strong>Presentaci\u00f3<\/strong>: Aprendre a usar eines basades en l&#8217;empatia per poder fer front a possibles situacions de conflicte.<\/p>\n\n\n\n<p><strong>Programa:<\/strong><br>1. Principis de comunicaci\u00f3 i empatia: lleis de la comunicaci\u00f3 interpersonal<br><br>2. Recon\u00e8ixer les emocions i necessitats en l&#8217;interlocutor:<\/p>\n\n\n\n<ul class=\"wp-block-list\">\n<li>Comunicaci\u00f3 impl\u00edcita i expl\u00edcita<\/li>\n\n\n\n<li>Comunicaci\u00f3 racional i comunicaci\u00f3 emocional<\/li>\n<\/ul>\n\n\n\n<p>3. An\u00e0lisi del concepte d&#8217;empatia:<\/p>\n\n\n\n<ul class=\"wp-block-list\">\n<li>Comportaments que obstaculitzen l&#8217;empatia<\/li>\n\n\n\n<li>Entrenar i desenvolupar el comportament emp\u00e0tic: T\u00e8cnica de reformulaci\u00f3<\/li>\n<\/ul>\n\n\n\n<p>4. Objectius del di\u00e0leg emp\u00e0tic i l&#8217;escolta atenta<\/p>\n\n\n\n<p>5. Comunicar per resoldre conflictes:<\/p>\n\n\n\n<ul class=\"wp-block-list\">\n<li>Com actuar davant d&#8217;un di\u00e0leg dif\u00edcil<\/li>\n\n\n\n<li>Gesti\u00f3 personal dels conflictes<\/li>\n\n\n\n<li>L&#8217;empatia profunda eina clau com a prevenci\u00f3 del conflicte<\/li>\n<\/ul>\n\n\n\n<p><strong>A c\u00e0rrec de:<\/strong> Grup Sural.<\/p>\n\n\n\n<p><strong>Organitza:&nbsp;<\/strong>Institut de Ci\u00e8ncies de l&#8217;Educaci\u00f3 Josep Pallach &#8211; Servei d&#8217;Aprenentatge i Innovaci\u00f3 Docent (ICE-SAID) de la Universitat de Girona.<\/p>\n\n\n\n<hr class=\"wp-block-separator has-alpha-channel-opacity\"\/>\n\n\n\n<p><strong>Calendari<\/strong>: <br>8 de juliol de 2025 de 09:30 h a 13:30 h&nbsp;<br>15 i 22 de juliol de 2025 de 09:30 h a 12:30 h&nbsp;<\/p>\n\n\n\n<p><strong>Localitzaci\u00f3: <\/strong>Aula de formaci\u00f3 6 de l&#8217;ICE-SAID. C\/ Pic de Peguera, 15, porta B, 1a planta, 17003, Girona.<\/p>\n\n\n\n<p><strong>Total:<\/strong> 10 hores.<\/p>\n\n\n\n<p><strong>Matr\u00edcula:<\/strong> Del 03\/06\/2025 10:00:00 fins al 04\/07\/2025 10:00:00<\/p>\n\n\n\n<div class=\"wp-block-buttons is-content-justification-center is-layout-flex wp-container-core-buttons-is-layout-16018d1d wp-block-buttons-is-layout-flex\">\n<div class=\"wp-block-button\"><a class=\"wp-block-button__link wp-element-button\" href=\"https:\/\/apps.udg.edu\/MAU\/rh\/Client\/Oferta\/Detall\/28897?apart=0\">M\u00e9s informaci\u00f3<\/a><\/div>\n<\/div>\n","protected":false},"excerpt":{"rendered":"<p>Activitat centrada en l\u2019aprenentatge d\u2019eines basades en l\u2019empatia per gestionar situacions de conflicte. S\u2019hi treballen els principis de la comunicaci\u00f3 interpersonal, la identificaci\u00f3 d\u2019emocions i necessitats, i la difer\u00e8ncia entre comunicaci\u00f3 racional i emocional. Es profunditza en l\u2019empatia, com entrenar-la i evitar comportaments que la dificulten. Podreu matricular-vos d&#8217;aquesta activitat fins el dia 4 de juliol.<\/p>\n","protected":false},"author":1,"featured_media":20091,"comment_status":"open","ping_status":"closed","sticky":false,"template":"","format":"standard","meta":{"footnotes":""},"categories":[20],"tags":[],"class_list":["post-20024","post","type-post","status-publish","format-standard","has-post-thumbnail","hentry","category-activitats"],"_links":{"self":[{"href":"https:\/\/iceberg.udg.edu\/index.php?rest_route=\/wp\/v2\/posts\/20024","targetHints":{"allow":["GET"]}}],"collection":[{"href":"https:\/\/iceberg.udg.edu\/index.php?rest_route=\/wp\/v2\/posts"}],"about":[{"href":"https:\/\/iceberg.udg.edu\/index.php?rest_route=\/wp\/v2\/types\/post"}],"author":[{"embeddable":true,"href":"https:\/\/iceberg.udg.edu\/index.php?rest_route=\/wp\/v2\/users\/1"}],"replies":[{"embeddable":true,"href":"https:\/\/iceberg.udg.edu\/index.php?rest_route=%2Fwp%2Fv2%2Fcomments&post=20024"}],"version-history":[{"count":7,"href":"https:\/\/iceberg.udg.edu\/index.php?rest_route=\/wp\/v2\/posts\/20024\/revisions"}],"predecessor-version":[{"id":20054,"href":"https:\/\/iceberg.udg.edu\/index.php?rest_route=\/wp\/v2\/posts\/20024\/revisions\/20054"}],"wp:featuredmedia":[{"embeddable":true,"href":"https:\/\/iceberg.udg.edu\/index.php?rest_route=\/wp\/v2\/media\/20091"}],"wp:attachment":[{"href":"https:\/\/iceberg.udg.edu\/index.php?rest_route=%2Fwp%2Fv2%2Fmedia&parent=20024"}],"wp:term":[{"taxonomy":"category","embeddable":true,"href":"https:\/\/iceberg.udg.edu\/index.php?rest_route=%2Fwp%2Fv2%2Fcategories&post=20024"},{"taxonomy":"post_tag","embeddable":true,"href":"https:\/\/iceberg.udg.edu\/index.php?rest_route=%2Fwp%2Fv2%2Ftags&post=20024"}],"curies":[{"name":"wp","href":"https:\/\/api.w.org\/{rel}","templated":true}]}}