{"id":20312,"date":"2025-06-17T10:18:02","date_gmt":"2025-06-17T08:18:02","guid":{"rendered":"https:\/\/icebergng.udg.edu\/?p=20312"},"modified":"2025-06-18T14:50:17","modified_gmt":"2025-06-18T12:50:17","slug":"i-jornada-sobre-la-inclusio-dels-ods-en-la-docencia-fent-emergir-els-exits-i-els-desafiaments-fent-cami","status":"publish","type":"post","link":"https:\/\/iceberg.udg.edu\/?p=20312","title":{"rendered":"I Jornada sobre la inclusi\u00f3 dels ODS en la doc\u00e8ncia: fent emergir els \u00e8xits i els desafiaments, fent cam\u00ed"},"content":{"rendered":"\n<p><strong>Activitat <strong>adre\u00e7ada a PDI de la UdG<\/strong><\/strong><\/p>\n\n\n\n<p><strong>Presentaci\u00f3<\/strong>: La Xarxa d\u2019Innovaci\u00f3 Docent sobre els ODS en la doc\u00e8ncia&nbsp; proposa aquesta jornada amb l\u2019objectiu de reflexionar i avan\u00e7ar en la inclusi\u00f3 dels ODS en la doc\u00e8ncia d\u2019educaci\u00f3 Superior.<br>En aquesta primera edici\u00f3, comptem amb un panel d\u2019experts que representen les dimensions ambiental, social i econ\u00f2mica de l\u2019Educaci\u00f3 per a la Sostenibilitat, que ens compartiran les idees claus que faciliten aquest proc\u00e9s a partir tant de la seva experi\u00e8ncia docent com del seu camp de coneixement.<\/p>\n\n\n\n<p><strong>Programa:<\/strong><\/p>\n\n\n\n<ul class=\"wp-block-list\">\n<li><em>10:00<\/em>&nbsp;<strong>Caf\u00e8 de benvinguda<\/strong><br><br><\/li>\n\n\n\n<li><em>10:15&nbsp;<\/em><strong>Inauguraci\u00f3<\/strong><br><br><\/li>\n\n\n\n<li><em>10:20&nbsp;<\/em><strong>Xerrades inspiradores:<\/strong>&nbsp;idees claus des de l\u2019expertesa dels \u00e0mbits de la sostenibilitat i a partir de l\u2019experi\u00e8ncia en la implementaci\u00f3 dels ODS a la doc\u00e8ncia<br><br><\/li>\n\n\n\n<li><strong>Principals reptes de sostenibilitat a Catalunya<\/strong>&nbsp;&nbsp;(20\u2019)\n<ul class=\"wp-block-list\">\n<li>A c\u00e0rrec de: Arnau Queralt i Bassa, director del Consell Assessor per al Desenvolupament Sostenible de Catalunya.<br><br><\/li>\n<\/ul>\n<\/li>\n\n\n\n<li><strong>Compet\u00e8ncies clau per a la sostenibilitat.<\/strong> <strong>Dimensi\u00f3 ambiental&nbsp;<\/strong>(20\u2019)\n<ul class=\"wp-block-list\">\n<li>A c\u00e0rrec de: Mar Carri\u00f3, directora de l\u2019Institut de Ci\u00e8ncies de l&#8217;Educaci\u00f3 (ICE) de la UPC.<br><br><\/li>\n<\/ul>\n<\/li>\n\n\n\n<li><strong>Dimensi\u00f3 econ\u00f2mica<\/strong>&nbsp;(20\u2019)\n<ul class=\"wp-block-list\">\n<li>A c\u00e0rrec de: Helena Benito, responsable d\u2019Empresa de la C\u00e0tedra de Responsabilitat Social Universit\u00e0ria i Sostenibilitat UdG, i \u00c0ngels Xabadia, professora del departament d\u2019Economia de la UdG.<br><br><\/li>\n<\/ul>\n<\/li>\n\n\n\n<li><strong>Dimensi\u00f3 social&nbsp;<\/strong>(20\u2019)\n<ul class=\"wp-block-list\">\n<li>A c\u00e0rrec de: Roger Campdepadr\u00f2s, professor del departament d\u2019Empresa de la UdG.<br><br><\/li>\n<\/ul>\n<\/li>\n<\/ul>\n\n\n\n<ul class=\"wp-block-list\">\n<li><em>11:40&nbsp;<\/em><strong>Espai de debat i reflexi\u00f3:&nbsp;<\/strong>\u00bfCom estem avan\u00e7ant? \u00bfQuines son les principals oportunitats i reptes? \u00bfFem que la interdisciplinarietat sigui una realitat?<br><br><\/li>\n<\/ul>\n\n\n\n<ul class=\"wp-block-list\">\n<li><em>12:25&nbsp;<\/em><strong>Pausa caf\u00e8<\/strong><br><br><\/li>\n<\/ul>\n\n\n\n<ul class=\"wp-block-list\">\n<li><em>12:50&nbsp;<\/em><strong>Presentaci\u00f3 general de les experi\u00e8ncies pr\u00e0ctiques recollides per al llibre de la XID ODS<\/strong><br><br><\/li>\n<\/ul>\n\n\n\n<ul class=\"wp-block-list\">\n<li><em>13:10&nbsp;<\/em><strong>Espai de conversa:&nbsp;<\/strong>preguntes, experi\u00e8ncies, dubtes, incerteses, satisfaccions, noves idees o propostes, suggeriments i tot el que contribueixi a la millora de les pr\u00e0ctiques<br><br><\/li>\n<\/ul>\n\n\n\n<ul class=\"wp-block-list\">\n<li><em>14:00&nbsp;<\/em><strong>Cloenda<\/strong>&nbsp; &nbsp;<br><\/li>\n<\/ul>\n\n\n\n<p><strong>Organitza:&nbsp;<\/strong>Xarxa d\u2019Innovaci\u00f3 Docent sobre ODS en la doc\u00e8ncia&nbsp;i Institut de Ci\u00e8ncies de l&#8217;Educaci\u00f3 Josep Pallach &#8211; Servei d&#8217;Aprenentatge i Innovaci\u00f3 Docent (ICE-SAID) de la Universitat de Girona.<\/p>\n\n\n\n<hr class=\"wp-block-separator has-alpha-channel-opacity\"\/>\n\n\n\n<p><strong>Calendari<\/strong>: 7 juliol de 2025, 10 h a 14 h.<\/p>\n\n\n\n<p><strong>Localitzaci\u00f3: <\/strong>Auditori de l\u2019edifici Centre d\u2019Empreses \u2013 Giroempr\u00e8n, del Parc de Recerca i Innovaci\u00f3 UdG.<\/p>\n\n\n\n<p><strong>Total:<\/strong> 4 hores.<\/p>\n\n\n\n<p><strong>Matr\u00edcula:<\/strong> Del 2\/6\/2025 10:00:00 fins al 2\/7\/2025 10:00:00&nbsp;<\/p>\n\n\n\n<div class=\"wp-block-buttons is-content-justification-center is-layout-flex wp-container-core-buttons-is-layout-16018d1d wp-block-buttons-is-layout-flex\">\n<div class=\"wp-block-button\"><a class=\"wp-block-button__link wp-element-button\" href=\"https:\/\/esdeveniments.udg.edu\/136243\/detail\/i-jornada-sobre-la-inclusio-dels-ods-en-la-docencia-fent-emergir-els-exits-i-els-desafiaments-fent-.html\">M\u00e9s informaci\u00f3<\/a><\/div>\n<\/div>\n","protected":false},"excerpt":{"rendered":"<p>La Xarxa d\u2019Innovaci\u00f3 Docent organitza una jornada per promoure la inclusi\u00f3 dels ODS a la doc\u00e8ncia universit\u00e0ria. Experts de les dimensions ambiental, econ\u00f2mica i social compartiran experi\u00e8ncies i reptes en Educaci\u00f3 per a la Sostenibilitat. Tamb\u00e9 s&#8217;alinear\u00e0 la pr\u00e0ctica docent amb les pol\u00edtiques catalanes en ODS. Es presentar\u00e0 un recull d&#8217;experi\u00e8ncies pr\u00e0ctiques i s&#8217;obrir\u00e0 un espai de debat i reflexi\u00f3. La jornada clour\u00e0 amb una conversa oberta per fomentar idees i millorar la pr\u00e0ctica docent. Podeu formalitzar la matr\u00edcula d&#8217;aquesta activitat fins el dia 02 de juiol.<\/p>\n","protected":false},"author":1,"featured_media":20365,"comment_status":"open","ping_status":"closed","sticky":false,"template":"","format":"standard","meta":{"footnotes":""},"categories":[20],"tags":[],"class_list":["post-20312","post","type-post","status-publish","format-standard","has-post-thumbnail","hentry","category-activitats"],"_links":{"self":[{"href":"https:\/\/iceberg.udg.edu\/index.php?rest_route=\/wp\/v2\/posts\/20312","targetHints":{"allow":["GET"]}}],"collection":[{"href":"https:\/\/iceberg.udg.edu\/index.php?rest_route=\/wp\/v2\/posts"}],"about":[{"href":"https:\/\/iceberg.udg.edu\/index.php?rest_route=\/wp\/v2\/types\/post"}],"author":[{"embeddable":true,"href":"https:\/\/iceberg.udg.edu\/index.php?rest_route=\/wp\/v2\/users\/1"}],"replies":[{"embeddable":true,"href":"https:\/\/iceberg.udg.edu\/index.php?rest_route=%2Fwp%2Fv2%2Fcomments&post=20312"}],"version-history":[{"count":9,"href":"https:\/\/iceberg.udg.edu\/index.php?rest_route=\/wp\/v2\/posts\/20312\/revisions"}],"predecessor-version":[{"id":20367,"href":"https:\/\/iceberg.udg.edu\/index.php?rest_route=\/wp\/v2\/posts\/20312\/revisions\/20367"}],"wp:featuredmedia":[{"embeddable":true,"href":"https:\/\/iceberg.udg.edu\/index.php?rest_route=\/wp\/v2\/media\/20365"}],"wp:attachment":[{"href":"https:\/\/iceberg.udg.edu\/index.php?rest_route=%2Fwp%2Fv2%2Fmedia&parent=20312"}],"wp:term":[{"taxonomy":"category","embeddable":true,"href":"https:\/\/iceberg.udg.edu\/index.php?rest_route=%2Fwp%2Fv2%2Fcategories&post=20312"},{"taxonomy":"post_tag","embeddable":true,"href":"https:\/\/iceberg.udg.edu\/index.php?rest_route=%2Fwp%2Fv2%2Ftags&post=20312"}],"curies":[{"name":"wp","href":"https:\/\/api.w.org\/{rel}","templated":true}]}}