{"id":20325,"date":"2025-06-17T10:17:10","date_gmt":"2025-06-17T08:17:10","guid":{"rendered":"https:\/\/icebergng.udg.edu\/?p=20325"},"modified":"2025-06-17T10:17:11","modified_gmt":"2025-06-17T08:17:11","slug":"protocol-institucional","status":"publish","type":"post","link":"https:\/\/iceberg.udg.edu\/?p=20325","title":{"rendered":"Protocol institucional"},"content":{"rendered":"\n<p><strong><strong>Activitat per a PDI i&nbsp;PTGAS inclosa al Pla Anual de Formaci\u00f3 de la UdG<br><\/strong><br><strong>Destinataris preferents:&nbsp;<\/strong>PTGAS que han de col\u00b7laborar en l\u2019organitzaci\u00f3 d\u2019actes institucionals o congressos a les diferents unitats de la UdG.<\/strong><\/p>\n\n\n\n<p><strong>Presentaci\u00f3<\/strong>: La finalitat del curs \u00e9s dotar les persones assistents dels coneixements b\u00e0sics de protocol per garantir que els esdeveniments que tenen lloc a la Universitat estiguin ben organitzats, amb la formalitat i coher\u00e8ncia pr\u00f2pies de la imatge institucional. Per fer-ho es posaran d\u2019exemple&nbsp;casos pr\u00e0ctics proposats per les mateixes persones assistents.&nbsp;<\/p>\n\n\n\n<p><strong>Programa:<\/strong><\/p>\n\n\n\n<p><strong>1.Introducci\u00f3&nbsp;<\/strong><\/p>\n\n\n\n<ul class=\"wp-block-list\">\n<li>Tipologia d\u2019actes institucionals: inauguracions, graduacions, confer\u00e8ncies, jornades, lliurament de premis, etc.<\/li>\n\n\n\n<li>El protocol com a eina de comunicaci\u00f3 i imatge institucional.<\/li>\n<\/ul>\n\n\n\n<p><strong>2. El tractament i l\u2019ordre de les autoritats<\/strong><\/p>\n\n\n\n<ul class=\"wp-block-list\">\n<li>Normativa b\u00e0sica del protocol oficial (ordre de preced\u00e8ncies).<\/li>\n\n\n\n<li>Tractaments i f\u00f3rmules de cortesia.<\/li>\n\n\n\n<li>La col\u00b7locaci\u00f3 en presid\u00e8ncies, taules i sales.<\/li>\n<\/ul>\n\n\n\n<p><strong>3. Organitzaci\u00f3 i gesti\u00f3 d\u2019un acte institucional<br><\/strong>\u00b7&nbsp;&nbsp;&nbsp;&nbsp;&nbsp;&nbsp;&nbsp; Fases d\u2019un acte institucional: planificaci\u00f3, execuci\u00f3 i tancament.<br>\u00b7&nbsp;&nbsp;&nbsp;&nbsp;&nbsp;&nbsp;&nbsp; Paper de l\u2019equip de protocol i tasques del personal de suport.<br>\u00b7&nbsp;&nbsp;&nbsp;&nbsp;&nbsp;&nbsp;&nbsp; Elaboraci\u00f3 del programa d\u2019un acte: estructura i durada.<br>\u00b7&nbsp;&nbsp;&nbsp;&nbsp;&nbsp;&nbsp;&nbsp; Invitacions, agra\u00efments i llistes de convidats. Gesti\u00f3 de bases de dades.<br>\u00b7&nbsp;&nbsp;&nbsp;&nbsp;&nbsp;&nbsp;&nbsp; Gesti\u00f3 de la part audiovisual: fotografia i v\u00eddeo.<br>\u00b7&nbsp;&nbsp;&nbsp;&nbsp;&nbsp;&nbsp;&nbsp; Aspectes log\u00edstics: sales, temps, megafonia, accessos, senyalitzaci\u00f3.<br><strong><br>4. Activitat final: simulaci\u00f3 pr\u00e0ctica<\/strong><\/p>\n\n\n\n<ul class=\"wp-block-list\">\n<li>Treball en petits grups: planificaci\u00f3 d\u2019un acte real de la Universitat.<\/li>\n\n\n\n<li>Definici\u00f3 de participants, autoritats, gui\u00f3, ubicacions, programa i invitacions.<\/li>\n<\/ul>\n\n\n\n<p><strong>A c\u00e0rrec de:&nbsp;<\/strong>Meius Ferr\u00e9s, cap de l\u2019\u00c0rea de Comunicaci\u00f3 i Relacions Institucionals UdG<\/p>\n\n\n\n<p><strong>Organitza:&nbsp;<\/strong>\u00c0rea de Comunicaci\u00f3 i Relacions Institucionals (ACRI) iInstitut de Ci\u00e8ncies de l&#8217;Educaci\u00f3 Josep Pallach &#8211; Servei d&#8217;Aprenentatge i Innovaci\u00f3 Docent de la Universitat de Girona.<\/p>\n\n\n\n<hr class=\"wp-block-separator has-alpha-channel-opacity\"\/>\n\n\n\n<p><strong>Calendari<\/strong>: 7 i 9 de juliol de&nbsp;2025 de 12:00 h a 14:00 h.<\/p>\n\n\n\n<p><strong>Localitzaci\u00f3: <\/strong>Aula de formaci\u00f3 de l&#8217;ICE-SAID, Edifici Jaume Casademont. Porta B, 1r pis, Parc de Recerca i Innovaci\u00f3 de la UdG.<\/p>\n\n\n\n<p><strong>Total:<\/strong> 4 hores.<\/p>\n\n\n\n<p><strong>Matr\u00edcula:<\/strong> Del 3\/6\/2025 15:00:00 fins al 4\/7\/2025 10:00:00&nbsp;&nbsp;<\/p>\n\n\n\n<div class=\"wp-block-buttons is-content-justification-center is-layout-flex wp-container-core-buttons-is-layout-16018d1d wp-block-buttons-is-layout-flex\">\n<div class=\"wp-block-button\"><a class=\"wp-block-button__link wp-element-button\" href=\"https:\/\/apps.udg.edu\/MAU\/rh\/Admin\/Grup\/Previsualitzar\/59202\">M\u00e9s informaci\u00f3<\/a><\/div>\n<\/div>\n","protected":false},"excerpt":{"rendered":"<p>Activitat adre\u00e7ada a PDI i PTGAS, inclosa al Pla Anual de Formaci\u00f3 de la UdG, pensada especialment per al PTGAS que col\u00b7labora en actes institucionals o congressos.<br \/>\nL\u2019objectiu \u00e9s oferir coneixements b\u00e0sics de protocol per garantir esdeveniments ben organitzats i coherents amb la imatge institucional. El curs inclou casos pr\u00e0ctics aportats pels propis participants. La matr\u00edcula per a aquesta activitat romandr\u00e0 oberta fins al 04 de juliol.<\/p>\n","protected":false},"author":1,"featured_media":20328,"comment_status":"open","ping_status":"closed","sticky":false,"template":"","format":"standard","meta":{"footnotes":""},"categories":[20],"tags":[],"class_list":["post-20325","post","type-post","status-publish","format-standard","has-post-thumbnail","hentry","category-activitats"],"_links":{"self":[{"href":"https:\/\/iceberg.udg.edu\/index.php?rest_route=\/wp\/v2\/posts\/20325","targetHints":{"allow":["GET"]}}],"collection":[{"href":"https:\/\/iceberg.udg.edu\/index.php?rest_route=\/wp\/v2\/posts"}],"about":[{"href":"https:\/\/iceberg.udg.edu\/index.php?rest_route=\/wp\/v2\/types\/post"}],"author":[{"embeddable":true,"href":"https:\/\/iceberg.udg.edu\/index.php?rest_route=\/wp\/v2\/users\/1"}],"replies":[{"embeddable":true,"href":"https:\/\/iceberg.udg.edu\/index.php?rest_route=%2Fwp%2Fv2%2Fcomments&post=20325"}],"version-history":[{"count":2,"href":"https:\/\/iceberg.udg.edu\/index.php?rest_route=\/wp\/v2\/posts\/20325\/revisions"}],"predecessor-version":[{"id":20360,"href":"https:\/\/iceberg.udg.edu\/index.php?rest_route=\/wp\/v2\/posts\/20325\/revisions\/20360"}],"wp:featuredmedia":[{"embeddable":true,"href":"https:\/\/iceberg.udg.edu\/index.php?rest_route=\/wp\/v2\/media\/20328"}],"wp:attachment":[{"href":"https:\/\/iceberg.udg.edu\/index.php?rest_route=%2Fwp%2Fv2%2Fmedia&parent=20325"}],"wp:term":[{"taxonomy":"category","embeddable":true,"href":"https:\/\/iceberg.udg.edu\/index.php?rest_route=%2Fwp%2Fv2%2Fcategories&post=20325"},{"taxonomy":"post_tag","embeddable":true,"href":"https:\/\/iceberg.udg.edu\/index.php?rest_route=%2Fwp%2Fv2%2Ftags&post=20325"}],"curies":[{"name":"wp","href":"https:\/\/api.w.org\/{rel}","templated":true}]}}