{"id":20330,"date":"2025-06-17T10:16:30","date_gmt":"2025-06-17T08:16:30","guid":{"rendered":"https:\/\/icebergng.udg.edu\/?p=20330"},"modified":"2025-06-18T14:40:24","modified_gmt":"2025-06-18T12:40:24","slug":"jornada-lelaboracio-de-treballs-finals-de-grau-i-de-master-connectats-al-territori","status":"publish","type":"post","link":"https:\/\/iceberg.udg.edu\/?p=20330","title":{"rendered":"Jornada: \u201cL\u2019elaboraci\u00f3 de treballs finals de grau i de m\u00e0ster connectats al territori\u201d"},"content":{"rendered":"\n<p><strong><strong><strong>Activitat per a PDI de la UdG<\/strong><\/strong><\/strong><\/p>\n\n\n\n<p><strong>Presentaci\u00f3<\/strong>: L\u2019elaboraci\u00f3 d\u2019un treball final de grau o de m\u00e0ster vinculat al territori pot esdevenir un espai d\u2019aprenentatge gratificant i significatiu, ja que parteix de reptes reals i contribueix al desenvolupament del comprom\u00eds social i comunitari, eixos claus del Model UdG XXI. En aquesta jornada, presentarem exemples de treballs realitzats en diversos \u00e0mbits de la nostra universitat i debatrem quins elements afavoreixen aquest tipus d\u2019enfocament. Comptarem amb la col\u00b7laboraci\u00f3 de l\u2019Ajuntament de Girona per explorar noves idees de cara a l\u2019elaboraci\u00f3 de treballs en els propers cursos.&nbsp;<\/p>\n\n\n\n<p><strong>Organitza:&nbsp;<\/strong>Universitat de Girona amb la col\u00b7laboraci\u00f3 de&nbsp;l&#8217;Institut de Ci\u00e8ncies de l&#8217;Educaci\u00f3 Josep Pallach &#8211; Servei d&#8217;Aprenentatge i Innovaci\u00f3 Docent (ICE-SAID) de la Universitat de Girona.<\/p>\n\n\n\n<hr class=\"wp-block-separator has-alpha-channel-opacity\"\/>\n\n\n\n<p><strong>Calendari<\/strong>: 17 de juliol de 2025, 09:00 h a 14:00 h.<\/p>\n\n\n\n<p><strong>Localitzaci\u00f3:<\/strong> Sala de Graus &#8211; Facultat de Ci\u00e8ncies Econ\u00f2miques i Empresarials.<\/p>\n\n\n\n<p><strong>Total:<\/strong> 5 hores.<\/p>\n\n\n\n<p><strong>Matr\u00edcula:<\/strong> Del 16\/6\/2025 10:00:00 fins al 15\/7\/2025 10:00:00&nbsp;&nbsp;<\/p>\n\n\n\n<div class=\"wp-block-buttons is-content-justification-center is-layout-flex wp-container-core-buttons-is-layout-16018d1d wp-block-buttons-is-layout-flex\">\n<div class=\"wp-block-button\"><a class=\"wp-block-button__link wp-element-button\" href=\"https:\/\/esdeveniments.udg.edu\/136722\/detail\/jornada-llrelaboracio-de-treballs-finals-de-grau-i-de-master-connectats-al-territorir.html\">M\u00e9s informaci\u00f3<\/a><\/div>\n<\/div>\n","protected":false},"excerpt":{"rendered":"<p>Aquesta jornada tracta sobre com els treballs de final de grau o m\u00e0ster vinculats al territori poden esdevenir oportunitats d\u2019aprenentatge significatiu, connectats a reptes reals i amb valor social. Es presentaran exemples d\u2019aquests treballs dins diversos \u00e0mbits de la UdG. Tamb\u00e9 es reflexionar\u00e0 sobre els elements que afavoreixen aquest enfocament. L\u2019Ajuntament de Girona hi col\u00b7laborar\u00e0 per generar noves idees per al futur. L\u2019esdeveniment inclou presentacions, debats i una taula rodona. Podeu fer la inscripci\u00f3 fins al 15 de juliol.<\/p>\n","protected":false},"author":1,"featured_media":8170,"comment_status":"open","ping_status":"closed","sticky":false,"template":"","format":"standard","meta":{"footnotes":""},"categories":[20],"tags":[],"class_list":["post-20330","post","type-post","status-publish","format-standard","has-post-thumbnail","hentry","category-activitats"],"_links":{"self":[{"href":"https:\/\/iceberg.udg.edu\/index.php?rest_route=\/wp\/v2\/posts\/20330","targetHints":{"allow":["GET"]}}],"collection":[{"href":"https:\/\/iceberg.udg.edu\/index.php?rest_route=\/wp\/v2\/posts"}],"about":[{"href":"https:\/\/iceberg.udg.edu\/index.php?rest_route=\/wp\/v2\/types\/post"}],"author":[{"embeddable":true,"href":"https:\/\/iceberg.udg.edu\/index.php?rest_route=\/wp\/v2\/users\/1"}],"replies":[{"embeddable":true,"href":"https:\/\/iceberg.udg.edu\/index.php?rest_route=%2Fwp%2Fv2%2Fcomments&post=20330"}],"version-history":[{"count":3,"href":"https:\/\/iceberg.udg.edu\/index.php?rest_route=\/wp\/v2\/posts\/20330\/revisions"}],"predecessor-version":[{"id":20359,"href":"https:\/\/iceberg.udg.edu\/index.php?rest_route=\/wp\/v2\/posts\/20330\/revisions\/20359"}],"wp:featuredmedia":[{"embeddable":true,"href":"https:\/\/iceberg.udg.edu\/index.php?rest_route=\/wp\/v2\/media\/8170"}],"wp:attachment":[{"href":"https:\/\/iceberg.udg.edu\/index.php?rest_route=%2Fwp%2Fv2%2Fmedia&parent=20330"}],"wp:term":[{"taxonomy":"category","embeddable":true,"href":"https:\/\/iceberg.udg.edu\/index.php?rest_route=%2Fwp%2Fv2%2Fcategories&post=20330"},{"taxonomy":"post_tag","embeddable":true,"href":"https:\/\/iceberg.udg.edu\/index.php?rest_route=%2Fwp%2Fv2%2Ftags&post=20330"}],"curies":[{"name":"wp","href":"https:\/\/api.w.org\/{rel}","templated":true}]}}