{"id":20371,"date":"2025-06-30T12:25:33","date_gmt":"2025-06-30T10:25:33","guid":{"rendered":"https:\/\/icebergng.udg.edu\/?p=20371"},"modified":"2025-06-30T14:14:40","modified_gmt":"2025-06-30T12:14:40","slug":"international-forum-on-skills-intelligence-ifsi-in-post-secondary-higher-education","status":"publish","type":"post","link":"https:\/\/iceberg.udg.edu\/?p=20371","title":{"rendered":"International Forum on Skills Intelligence (IFSI) in Post-Secondary &amp; Higher Education"},"content":{"rendered":"\n<p>Aquest F\u00f2rum, organitzat per la UOC, vol esdevenir un espai per explorar com anticipar les necessitats de compet\u00e8ncies, adaptar l&#8217;educaci\u00f3 superior a aquestes noves demandes i comunicar aquesta informaci\u00f3 per tal de millorar les decisions formatives i professionals. En aquesta primera edici\u00f3, volem establir bases conceptuals i metodol\u00f2giques, promoure col\u00b7laboracions, presentar innovacions i oferir eines pr\u00e0ctiques per aplicar la intel\u00b7lig\u00e8ncia de compet\u00e8ncies i refor\u00e7ar el suport als estudiants.<\/p>\n\n\n\n<p>S&#8217;adre\u00e7a a una audi\u00e8ncia global diversa, interdisciplin\u00e0ria i heterog\u00e8nia: investigadors i acad\u00e8mics, professionals de l&#8217;educaci\u00f3 superior i cont\u00ednua\/vocacional, practicant de pol\u00edtiques p\u00fabliques i p\u00fablic en general.<\/p>\n\n\n\n<p>Es dur\u00e0 a terme en l\u00ednia els dies\u00a02 i 3 de juliol.<\/p>\n\n\n\n<p><\/p>\n\n\n\n<p><strong>Enlla\u00e7 de l&#8217;esdeveniment i m\u00e9s informaci\u00f3 <a href=\"https:\/\/plataforma.streamingbarcelona.com\/ifsi\/\">aqu\u00ed<\/a>.<\/strong><\/p>\n","protected":false},"excerpt":{"rendered":"<p>L\u2019International Forum on Skills Intelligence (IFSI) t\u00e9 com a objectiu anticipar les necessitats de compet\u00e8ncies i adaptar-hi l\u2019educaci\u00f3 superior, oferint eines i estrat\u00e8gies \u00fatils. En aquesta primera edici\u00f3, es presentaran bases metodol\u00f2giques, innovacions i col\u00b7laboracions internacionals. Hi participaran gaireb\u00e9 30 experts de prestigi mundial, com ara representants de Harvard, l\u2019OCDE i la Comissi\u00f3 Europea. Est\u00e0 dirigit a una audi\u00e8ncia global i interdisciplin\u00e0ria. Aquest  esdeveniment tindr\u00e0 lloc els dies 2 i 3 de juliol i es dur\u00e0 a terme en l\u00ednia.<\/p>\n","protected":false},"author":1,"featured_media":20372,"comment_status":"open","ping_status":"closed","sticky":false,"template":"","format":"standard","meta":{"footnotes":""},"categories":[27],"tags":[],"class_list":["post-20371","post","type-post","status-publish","format-standard","has-post-thumbnail","hentry","category-altres-propostes"],"_links":{"self":[{"href":"https:\/\/iceberg.udg.edu\/index.php?rest_route=\/wp\/v2\/posts\/20371","targetHints":{"allow":["GET"]}}],"collection":[{"href":"https:\/\/iceberg.udg.edu\/index.php?rest_route=\/wp\/v2\/posts"}],"about":[{"href":"https:\/\/iceberg.udg.edu\/index.php?rest_route=\/wp\/v2\/types\/post"}],"author":[{"embeddable":true,"href":"https:\/\/iceberg.udg.edu\/index.php?rest_route=\/wp\/v2\/users\/1"}],"replies":[{"embeddable":true,"href":"https:\/\/iceberg.udg.edu\/index.php?rest_route=%2Fwp%2Fv2%2Fcomments&post=20371"}],"version-history":[{"count":3,"href":"https:\/\/iceberg.udg.edu\/index.php?rest_route=\/wp\/v2\/posts\/20371\/revisions"}],"predecessor-version":[{"id":20396,"href":"https:\/\/iceberg.udg.edu\/index.php?rest_route=\/wp\/v2\/posts\/20371\/revisions\/20396"}],"wp:featuredmedia":[{"embeddable":true,"href":"https:\/\/iceberg.udg.edu\/index.php?rest_route=\/wp\/v2\/media\/20372"}],"wp:attachment":[{"href":"https:\/\/iceberg.udg.edu\/index.php?rest_route=%2Fwp%2Fv2%2Fmedia&parent=20371"}],"wp:term":[{"taxonomy":"category","embeddable":true,"href":"https:\/\/iceberg.udg.edu\/index.php?rest_route=%2Fwp%2Fv2%2Fcategories&post=20371"},{"taxonomy":"post_tag","embeddable":true,"href":"https:\/\/iceberg.udg.edu\/index.php?rest_route=%2Fwp%2Fv2%2Ftags&post=20371"}],"curies":[{"name":"wp","href":"https:\/\/api.w.org\/{rel}","templated":true}]}}