{"id":20382,"date":"2025-06-30T12:26:28","date_gmt":"2025-06-30T10:26:28","guid":{"rendered":"https:\/\/icebergng.udg.edu\/?p=20382"},"modified":"2025-07-01T09:18:21","modified_gmt":"2025-07-01T07:18:21","slug":"dret-de-la-salut-laboral-amb-perspectiva-de-genere","status":"publish","type":"post","link":"https:\/\/iceberg.udg.edu\/?p=20382","title":{"rendered":"Dret de la salut laboral amb perspectiva de g\u00e8nere: una nova experi\u00e8ncia de la XID sobre Perspectiva de G\u00e8nere"},"content":{"rendered":"\n<p>La&nbsp;<a rel=\"noreferrer noopener\" href=\"https:\/\/www.udg.edu\/ca\/ice\/innovacio-docent\/xarxes-dinnovacio-docent\/xid-perspectiva-de-genere\" target=\"_blank\">Xarxa d\u2019Innovaci\u00f3 Docent sobre Perspectiva de G\u00e8nere<\/a>&nbsp;presenta, mitjan\u00e7ant videoc\u00e0psules, diferents experi\u00e8ncies d\u2019incorporaci\u00f3 de la perspectiva de g\u00e8nere en la doc\u00e8ncia dutes a terme per membres que en formen part.<\/p>\n\n\n\n<p>En not\u00edcies anteriors ja s\u2019han presentat algunes experi\u00e8ncies de la Xarxa d\u2019Innovaci\u00f3 Docent sobre Perspectiva de G\u00e8nere, on membres de la xarxa mostren com han incorporat aquesta perspectiva en la seva pr\u00e0ctica docent.<\/p>\n\n\n\n<p>Ara, s\u2019hi afegeix una nova experi\u00e8ncia:&nbsp;<em><a href=\"https:\/\/www.youtube.com\/watch?v=9GB6gKRkfXA&amp;ab_channel=ICEdelaUdG\" data-type=\"URL\" data-id=\"https:\/\/www.youtube.com\/watch?v=9GB6gKRkfXA&amp;ab_channel=ICEdelaUdG\">Reformulaci\u00f3 del dret de la salut laboral amb perspectiva de g\u00e8nere<\/a><\/em>, en la qual es proposa una pr\u00e0ctica de treballs de grup en els quals s&#8217;analitzarien els riscos, tan f\u00edsics com psicol\u00f2gics, que poden tenir les persones en un mateix lloc de feina segons el seu g\u00e8nere.<\/p>\n\n\n\n<p>Aquest recurs se suma a l\u2019esfor\u00e7 col\u00b7lectiu per integrar la perspectiva de g\u00e8nere en l\u2019educaci\u00f3 superior.<\/p>\n\n\n\n<p>En el seg\u00fcent enlla\u00e7 podeu consultar aquesta experi\u00e8ncia i les altres presentades per la XID de Perspectiva de G\u00e8nere.<\/p>\n\n\n\n<div class=\"wp-block-buttons is-content-justification-center is-layout-flex wp-container-core-buttons-is-layout-16018d1d wp-block-buttons-is-layout-flex\">\n<div class=\"wp-block-button\"><a class=\"wp-block-button__link wp-element-button\" href=\"https:\/\/www.udg.edu\/ca\/ice\/innovacio-docent\/xarxes-dinnovacio-docent\/xid-perspectiva-de-genere\/experiencies-docents\">M\u00e9s informaci\u00f3<\/a><\/div>\n<\/div>\n","protected":false},"excerpt":{"rendered":"<p>La Xarxa d\u2019Innovaci\u00f3 Docent sobre Perspectiva de G\u00e8nere afegeix Dret de la salut laboral amb perspectiva de g\u00e8nere a c\u00e0rrec de la Dra. M\u00f2nica Ricou Casal. Una visi\u00f3 pr\u00e0ctica que versa sobre com el mateix puesto de feina pot comportar riscos (tant f\u00edsics com psicol\u00f2gics) de manera diferent a les dones i homes.<\/p>\n","protected":false},"author":1,"featured_media":20401,"comment_status":"open","ping_status":"closed","sticky":false,"template":"","format":"standard","meta":{"footnotes":""},"categories":[23],"tags":[],"class_list":["post-20382","post","type-post","status-publish","format-standard","has-post-thumbnail","hentry","category-noticies"],"_links":{"self":[{"href":"https:\/\/iceberg.udg.edu\/index.php?rest_route=\/wp\/v2\/posts\/20382","targetHints":{"allow":["GET"]}}],"collection":[{"href":"https:\/\/iceberg.udg.edu\/index.php?rest_route=\/wp\/v2\/posts"}],"about":[{"href":"https:\/\/iceberg.udg.edu\/index.php?rest_route=\/wp\/v2\/types\/post"}],"author":[{"embeddable":true,"href":"https:\/\/iceberg.udg.edu\/index.php?rest_route=\/wp\/v2\/users\/1"}],"replies":[{"embeddable":true,"href":"https:\/\/iceberg.udg.edu\/index.php?rest_route=%2Fwp%2Fv2%2Fcomments&post=20382"}],"version-history":[{"count":4,"href":"https:\/\/iceberg.udg.edu\/index.php?rest_route=\/wp\/v2\/posts\/20382\/revisions"}],"predecessor-version":[{"id":20398,"href":"https:\/\/iceberg.udg.edu\/index.php?rest_route=\/wp\/v2\/posts\/20382\/revisions\/20398"}],"wp:featuredmedia":[{"embeddable":true,"href":"https:\/\/iceberg.udg.edu\/index.php?rest_route=\/wp\/v2\/media\/20401"}],"wp:attachment":[{"href":"https:\/\/iceberg.udg.edu\/index.php?rest_route=%2Fwp%2Fv2%2Fmedia&parent=20382"}],"wp:term":[{"taxonomy":"category","embeddable":true,"href":"https:\/\/iceberg.udg.edu\/index.php?rest_route=%2Fwp%2Fv2%2Fcategories&post=20382"},{"taxonomy":"post_tag","embeddable":true,"href":"https:\/\/iceberg.udg.edu\/index.php?rest_route=%2Fwp%2Fv2%2Ftags&post=20382"}],"curies":[{"name":"wp","href":"https:\/\/api.w.org\/{rel}","templated":true}]}}