{"id":20468,"date":"2025-07-16T10:00:43","date_gmt":"2025-07-16T08:00:43","guid":{"rendered":"https:\/\/icebergng.udg.edu\/?p=20468"},"modified":"2025-07-17T08:55:18","modified_gmt":"2025-07-17T06:55:18","slug":"exit-de-participacio-en-el-xiii-congres-cidui-2025","status":"publish","type":"post","link":"https:\/\/iceberg.udg.edu\/?p=20468","title":{"rendered":"\u00c8xit de participaci\u00f3 en el XIII Congr\u00e9s CIDUI 2025"},"content":{"rendered":"\n<p>Un any m\u00e9s les universitats p\u00fabliques catalanes &nbsp;(UB, UAB, UPC, UPF, UdG, UdL, URV i UOC), a trav\u00e9s dels seus ICE i unitats equivalents, i en col\u00b7laboraci\u00f3 amb l&#8217;ACUP, han organitzat el CIDUI. El <a href=\"https:\/\/www.cidui.org\/xiii-congres-cidui-2025\/\">XIII Cogr\u00e9s CIDUI 2025<\/a>&nbsp;s&#8217;ha celebrat presencialment a la Facultat d&#8217;Economia i Empresa de la Universitat de Barcelona<strong>&nbsp;els dies 9, 10 i 11 de juliol de 2025<\/strong> amb el t\u00edtol&nbsp;<strong><em>\u201cDocents d\u2019avui per a la universitat del dem\u00e0\u201d<\/em><\/strong>.<\/p>\n\n\n\n<div class=\"wp-block-columns is-layout-flex wp-container-core-columns-is-layout-9d6595d7 wp-block-columns-is-layout-flex\">\n<div class=\"wp-block-column is-layout-flow wp-block-column-is-layout-flow\">\n<figure class=\"wp-block-image size-full\"><img loading=\"lazy\" decoding=\"async\" width=\"800\" height=\"600\" src=\"https:\/\/iceberg.udg.edu\/wp-content\/uploads\/2025\/07\/Sessio-plenaria_taula1_CIDUI25.jpg\" alt=\"\" class=\"wp-image-20523\" srcset=\"https:\/\/iceberg.udg.edu\/wp-content\/uploads\/2025\/07\/Sessio-plenaria_taula1_CIDUI25.jpg 800w, https:\/\/iceberg.udg.edu\/wp-content\/uploads\/2025\/07\/Sessio-plenaria_taula1_CIDUI25-300x225.jpg 300w, https:\/\/iceberg.udg.edu\/wp-content\/uploads\/2025\/07\/Sessio-plenaria_taula1_CIDUI25-768x576.jpg 768w\" sizes=\"auto, (max-width: 800px) 100vw, 800px\" \/><\/figure>\n<\/div>\n\n\n\n<div class=\"wp-block-column is-layout-flow wp-block-column-is-layout-flow\">\n<figure class=\"wp-block-image size-full\"><img loading=\"lazy\" decoding=\"async\" width=\"800\" height=\"600\" src=\"https:\/\/iceberg.udg.edu\/wp-content\/uploads\/2025\/07\/Sessio-plenaria_taula2_CIDUI25-1.jpg\" alt=\"\" class=\"wp-image-20524\" srcset=\"https:\/\/iceberg.udg.edu\/wp-content\/uploads\/2025\/07\/Sessio-plenaria_taula2_CIDUI25-1.jpg 800w, https:\/\/iceberg.udg.edu\/wp-content\/uploads\/2025\/07\/Sessio-plenaria_taula2_CIDUI25-1-300x225.jpg 300w, https:\/\/iceberg.udg.edu\/wp-content\/uploads\/2025\/07\/Sessio-plenaria_taula2_CIDUI25-1-768x576.jpg 768w\" sizes=\"auto, (max-width: 800px) 100vw, 800px\" \/><\/figure>\n<\/div>\n<\/div>\n\n\n\n<p>El CIDUI \u00e9s considerat un espai \u00e0gora per a la millora i la innovaci\u00f3 docent \u00e0mpliament reconegut dins del sistema universitari. Es configura com un punt de trobada per a la reflexi\u00f3, el debat i l\u2019intercanvi d\u2019experi\u00e8ncies entre professionals de diversos \u00e0mbits vinculats a la doc\u00e8ncia, la recerca i la gesti\u00f3 universit\u00e0ria amb l\u2019objectiu de generar un di\u00e0leg enriquidor entorn els reptes que afronten la doc\u00e8ncia i formaci\u00f3 universit\u00e0ria actual.<\/p>\n\n\n\n<p>Aquesta edici\u00f3 ha comptat amb la participaci\u00f3 de m\u00e9s de 600 participants, principalment docents i experts en educaci\u00f3 superior de Catalunya, i tamb\u00e9 de la resta de l\u2019Estat i d\u2019Andorra, aix\u00ed com d\u2019Am\u00e8rica Llatina, especialment d\u2019Argentina, Brasil, Col\u00f2mbia, Xile, Costa Rica, M\u00e8xic i Per\u00fa. S&#8217;han presentat m\u00e9s de 250 comunicacions orals, 90 p\u00f2sters i s&#8217;han dut a terme 8 tallers pr\u00e0ctics. A  m\u00e9s, el congr\u00e9s ha estat espai de trobada de diverses xarxes interuniversit\u00e0ries: la Xarxa interuniversit\u00e0ria d&#8217;ApS, la Xarxa interuniversit\u00e0ria de Classe Inversa i la REDU (Red Estatal de Docencia Universitaria). <\/p>\n\n\n\n<p>La pres\u00e8ncia de la Universitat de Girona ha estat destacada, amb la participaci\u00f3 de m\u00e9s de 30 de professors que hi han presentat les seves experi\u00e8ncies i projectes d&#8217;innovaci\u00f3 docent, tant en l&#8217;espai de comunicacions orals com de p\u00f2sters i liderant tamb\u00e9 un dels tallers organitzats, concretament el taller sobre la implementaci\u00f3 de projectes COIL, que ha estat a c\u00e0rrec de la Xarxa d&#8217;Innovaci\u00f3 Docent sobre Intercanvi Virtual i COIL.  <\/p>\n\n\n<div class=\"wp-block-image\">\n<figure class=\"aligncenter size-large is-resized\"><img loading=\"lazy\" decoding=\"async\" src=\"https:\/\/iceberg.udg.edu\/wp-content\/uploads\/2025\/07\/PHOTO-2025-07-09-14-33-25-768x1024.jpg\" alt=\"\" class=\"wp-image-20489\" width=\"330\" height=\"440\" srcset=\"https:\/\/iceberg.udg.edu\/wp-content\/uploads\/2025\/07\/PHOTO-2025-07-09-14-33-25-768x1024.jpg 768w, https:\/\/iceberg.udg.edu\/wp-content\/uploads\/2025\/07\/PHOTO-2025-07-09-14-33-25-225x300.jpg 225w, https:\/\/iceberg.udg.edu\/wp-content\/uploads\/2025\/07\/PHOTO-2025-07-09-14-33-25-1152x1536.jpg 1152w, https:\/\/iceberg.udg.edu\/wp-content\/uploads\/2025\/07\/PHOTO-2025-07-09-14-33-25-1320x1760.jpg 1320w, https:\/\/iceberg.udg.edu\/wp-content\/uploads\/2025\/07\/PHOTO-2025-07-09-14-33-25.jpg 1536w\" sizes=\"auto, (max-width: 330px) 100vw, 330px\" \/><figcaption class=\"wp-element-caption\">Participants de la UdG al Congr\u00e9s<\/figcaption><\/figure>\n<\/div>\n\n\n<p>Enguany, el Congr\u00e9s ha complert el seu&nbsp;vint-i-cinc aniversari. Per aix\u00f2, s&#8217;ha celebrat un&nbsp;acte commemoratiu<strong>&nbsp;<\/strong>el 9 de juliol al Paranimf de l\u2019Edifici Hist\u00f2ric de la UB en el qual s&#8217;ha fet un reconeixement als ICE i unitats d&#8217;innovaci\u00f3 i formaci\u00f3 que han estat implicades al llarg d&#8217;aquests anys en la seva organitzaci\u00f3. <\/p>\n\n\n\n<div class=\"wp-block-columns is-layout-flex wp-container-core-columns-is-layout-9d6595d7 wp-block-columns-is-layout-flex\">\n<div class=\"wp-block-column is-layout-flow wp-block-column-is-layout-flow\">\n<figure class=\"wp-block-image size-large is-resized\"><img loading=\"lazy\" decoding=\"async\" src=\"https:\/\/iceberg.udg.edu\/wp-content\/uploads\/2025\/07\/PHOTO-2025-07-09-22-10-49-2-2-1024x576.jpg\" alt=\"\" class=\"wp-image-20518\" width=\"412\" height=\"232\" srcset=\"https:\/\/iceberg.udg.edu\/wp-content\/uploads\/2025\/07\/PHOTO-2025-07-09-22-10-49-2-2-1024x576.jpg 1024w, https:\/\/iceberg.udg.edu\/wp-content\/uploads\/2025\/07\/PHOTO-2025-07-09-22-10-49-2-2-300x169.jpg 300w, https:\/\/iceberg.udg.edu\/wp-content\/uploads\/2025\/07\/PHOTO-2025-07-09-22-10-49-2-2-768x432.jpg 768w, https:\/\/iceberg.udg.edu\/wp-content\/uploads\/2025\/07\/PHOTO-2025-07-09-22-10-49-2-2-1536x864.jpg 1536w, https:\/\/iceberg.udg.edu\/wp-content\/uploads\/2025\/07\/PHOTO-2025-07-09-22-10-49-2-2-1320x743.jpg 1320w, https:\/\/iceberg.udg.edu\/wp-content\/uploads\/2025\/07\/PHOTO-2025-07-09-22-10-49-2-2.jpg 1600w\" sizes=\"auto, (max-width: 412px) 100vw, 412px\" \/><figcaption class=\"wp-element-caption\">Representants dels ICE i unitats de formaci\u00f3 de les universitats p\u00fabliques catalanes i de l&#8217;ACUP amb el rector de la UB <\/figcaption><\/figure>\n<\/div>\n\n\n\n<div class=\"wp-block-column is-layout-flow wp-block-column-is-layout-flow\">\n<figure class=\"wp-block-image size-full is-resized\"><img loading=\"lazy\" decoding=\"async\" src=\"https:\/\/iceberg.udg.edu\/wp-content\/uploads\/2025\/07\/Lliurament-placa-25-anys-CIDUI_-ICE-UdG.jpg\" alt=\"\" class=\"wp-image-20519\" width=\"313\" height=\"235\" srcset=\"https:\/\/iceberg.udg.edu\/wp-content\/uploads\/2025\/07\/Lliurament-placa-25-anys-CIDUI_-ICE-UdG.jpg 800w, https:\/\/iceberg.udg.edu\/wp-content\/uploads\/2025\/07\/Lliurament-placa-25-anys-CIDUI_-ICE-UdG-300x225.jpg 300w, https:\/\/iceberg.udg.edu\/wp-content\/uploads\/2025\/07\/Lliurament-placa-25-anys-CIDUI_-ICE-UdG-768x576.jpg 768w\" sizes=\"auto, (max-width: 313px) 100vw, 313px\" \/><figcaption class=\"wp-element-caption\">Lliurament de la placa commemorativa a l&#8217;ICE de la UdG <\/figcaption><\/figure>\n\n\n\n<p><\/p>\n<\/div>\n<\/div>\n","protected":false},"excerpt":{"rendered":"<p>Un any m\u00e9s les universitats p\u00fabliques catalanes \u00a0(UB, UAB, UPC, UPF, UdG, UdL, URV i UOC), a trav\u00e9s dels seus ICE i unitats equivalents, i en col\u00b7laboraci\u00f3 amb l&#8217;ACUP han organitzat el CIDUI.<br \/>\nLa pres\u00e8ncia de la UdG ha estat destacada, amb la participaci\u00f3 de m\u00e9s de 30 de professors i professores que hi han presentat les seves experi\u00e8ncies i projectes d&#8217;innovaci\u00f3 docent.<\/p>\n","protected":false},"author":1,"featured_media":20492,"comment_status":"open","ping_status":"closed","sticky":false,"template":"","format":"standard","meta":{"footnotes":""},"categories":[23],"tags":[],"class_list":["post-20468","post","type-post","status-publish","format-standard","has-post-thumbnail","hentry","category-noticies"],"_links":{"self":[{"href":"https:\/\/iceberg.udg.edu\/index.php?rest_route=\/wp\/v2\/posts\/20468","targetHints":{"allow":["GET"]}}],"collection":[{"href":"https:\/\/iceberg.udg.edu\/index.php?rest_route=\/wp\/v2\/posts"}],"about":[{"href":"https:\/\/iceberg.udg.edu\/index.php?rest_route=\/wp\/v2\/types\/post"}],"author":[{"embeddable":true,"href":"https:\/\/iceberg.udg.edu\/index.php?rest_route=\/wp\/v2\/users\/1"}],"replies":[{"embeddable":true,"href":"https:\/\/iceberg.udg.edu\/index.php?rest_route=%2Fwp%2Fv2%2Fcomments&post=20468"}],"version-history":[{"count":11,"href":"https:\/\/iceberg.udg.edu\/index.php?rest_route=\/wp\/v2\/posts\/20468\/revisions"}],"predecessor-version":[{"id":20529,"href":"https:\/\/iceberg.udg.edu\/index.php?rest_route=\/wp\/v2\/posts\/20468\/revisions\/20529"}],"wp:featuredmedia":[{"embeddable":true,"href":"https:\/\/iceberg.udg.edu\/index.php?rest_route=\/wp\/v2\/media\/20492"}],"wp:attachment":[{"href":"https:\/\/iceberg.udg.edu\/index.php?rest_route=%2Fwp%2Fv2%2Fmedia&parent=20468"}],"wp:term":[{"taxonomy":"category","embeddable":true,"href":"https:\/\/iceberg.udg.edu\/index.php?rest_route=%2Fwp%2Fv2%2Fcategories&post=20468"},{"taxonomy":"post_tag","embeddable":true,"href":"https:\/\/iceberg.udg.edu\/index.php?rest_route=%2Fwp%2Fv2%2Ftags&post=20468"}],"curies":[{"name":"wp","href":"https:\/\/api.w.org\/{rel}","templated":true}]}}