{"id":20474,"date":"2025-07-15T13:50:54","date_gmt":"2025-07-15T11:50:54","guid":{"rendered":"https:\/\/icebergng.udg.edu\/?p=20474"},"modified":"2025-07-15T16:02:35","modified_gmt":"2025-07-15T14:02:35","slug":"crida-a-presentar-comunicacions-per-la-i-jornada-innova-ius-de-la-facultat-de-dret","status":"publish","type":"post","link":"https:\/\/iceberg.udg.edu\/?p=20474","title":{"rendered":"Crida a presentar comunicacions per la I Jornada Innova Ius de la Facultat de Dret"},"content":{"rendered":"\n<p><br>La Facultat de Dret de la Universitat de Girona comptar\u00e0 el curs vinent amb una nova jornada a l&#8217;entorn de la doc\u00e8ncia, en concret, la doc\u00e8ncia jur\u00eddica. La <a href=\"https:\/\/esdeveniments.udg.edu\/137499\/detail\/i-jornada-innova-ius.html\">I Jornada Innova Ius<\/a>&nbsp;porta per t\u00edtol <em><strong>Cap a una nova doc\u00e8ncia jur\u00eddica: estrat\u00e8gies per a temps de canvi<\/strong><\/em> i tindr\u00e0 lloc el dia 20 de novembre de 2025. El per\u00edode per <a rel=\"noreferrer noopener\" href=\"https:\/\/esdeveniments.udg.edu\/137499\/upload\/i-jornada-innova-ius.html\" target=\"_blank\">presentar comunicacions<\/a> ja s&#8217;ha iniciat.<\/p>\n\n\n\n<p>Requisits formals de la proposta:<\/p>\n\n\n\n<ul class=\"wp-block-list\">\n<li>Es convida al professorat de la Facultat de Dret a presentar propostes de comunicaci\u00f3.<\/li>\n\n\n\n<li>Cal enviar un abstract d\u2019entre 300 i 500 paraules (en catal\u00e0 o castell\u00e0).<\/li>\n\n\n\n<li>De les propostes presentades el Comit\u00e8 Cient\u00edfic seleccionar\u00e0 les comunicacions que m\u00e9s s\u2019adaptin a les tem\u00e0tiques exposades o que siguin especialment innovadores.<\/li>\n\n\n\n<li>Data l\u00edmit d&#8217;enviament: 15 d&#8217;octubre de 2025<\/li>\n\n\n\n<li>Comunicaci\u00f3 de propostes acceptades: 22 d&#8217;octubre de 2025<\/li>\n<\/ul>\n\n\n\n<p>La jornada neix amb la voluntat de crear un espai de reflexi\u00f3 i debat sobre aquests reptes i d\u2019oferir una plataforma per compartir experi\u00e8ncies, bones pr\u00e0ctiques i propostes d\u2019innovaci\u00f3 docent en l\u2019\u00e0mbit jur\u00eddic-acad\u00e8mic. <strong>Est\u00e0 organitzada per la Dra. Silvana Canales (professora de Dret Internacional Privat) i el Dr. Alessandro Lalli (professor d&#8217;Hist\u00f2ria del Dret i de les Institucions).<\/strong><\/p>\n\n\n\n<p>Aquesta trobada pret\u00e9n fomentar la col\u00b7laboraci\u00f3 entre docents de recent incorporaci\u00f3 i el professorat consolidat, impulsar la renovaci\u00f3 metodol\u00f2gica i posar en valor el paper del professorat de com a agent clau en la transformaci\u00f3 educativa en l\u2019actualitat.<\/p>\n\n\n\n<p>Un dels pilars fonamentals d\u2019aquesta primera edici\u00f3 de la&nbsp;<strong>Jornada&nbsp;<em>Innova Ius<\/em><\/strong>&nbsp;ser\u00e0 donar veu als nous professors i professores que s\u2019han incorporat recentment a la doc\u00e8ncia universit\u00e0ria en la UdG. La seva visi\u00f3 renovadora, les seves inquietuds i propostes davant els desafiaments de l\u2019ensenyament del Dret en l\u2019actualitat seran eixos centrals del debat. Tamb\u00e9 tindr\u00e0 el seu espai el professorat consolidat, que s\u2019enfront\u00e0 al mateixos reptes i que t\u00e9 experi\u00e8ncia en la doc\u00e8ncia i en la seva evoluci\u00f3 en aquest \u00faltims anys.<\/p>\n\n\n\n<p><strong>Comit\u00e8 cient\u00edfic:<\/strong><\/p>\n\n\n\n<ul class=\"wp-block-list\">\n<li>Dra. Mar\u00eda Luisa Esteve Pardo (Dret financer i tributari)<\/li>\n\n\n\n<li>Dra. Mariona Illamola Daus\u00e0 (Dret internacional p\u00fablic i relacions internacionals)<\/li>\n\n\n\n<li>Dr. Jos\u00e9 Mar\u00eda P\u00e9rez Collados (Hist\u00f2ria del Dret i de les institucions)<\/li>\n\n\n\n<li>Dr. Jordi Ribot Igualada (Dret civil)<\/li>\n<\/ul>\n\n\n\n<p>Les comunicacions presentades i seleccionades podran ser objecte de publicaci\u00f3 en un llibre, com a mem\u00f2ria de les Jornades.<\/p>\n\n\n\n<p><a href=\"https:\/\/esdeveniments.udg.edu\/137499\/detail\/i-jornada-innova-ius.html\" data-type=\"URL\" data-id=\"https:\/\/esdeveniments.udg.edu\/137499\/detail\/i-jornada-innova-ius.html\">M\u00e9s informaci\u00f3 de la jornada<\/a> <\/p>\n","protected":false},"excerpt":{"rendered":"<p>La I Jornada Innova Ius, titulada \u201cCap a una nova doc\u00e8ncia jur\u00eddica: estrat\u00e8gies per a temps de canvi\u201d,  vol ser un espai de debat i intercanvi sobre la innovaci\u00f3 docent en l\u2019\u00e0mbit jur\u00eddic. S\u2019hi poden presentar abstracts (300-500 paraules) fins al 15 d\u2019octubre de 2025. <\/p>\n","protected":false},"author":1,"featured_media":20475,"comment_status":"open","ping_status":"closed","sticky":false,"template":"","format":"standard","meta":{"footnotes":""},"categories":[23],"tags":[],"class_list":["post-20474","post","type-post","status-publish","format-standard","has-post-thumbnail","hentry","category-noticies"],"_links":{"self":[{"href":"https:\/\/iceberg.udg.edu\/index.php?rest_route=\/wp\/v2\/posts\/20474","targetHints":{"allow":["GET"]}}],"collection":[{"href":"https:\/\/iceberg.udg.edu\/index.php?rest_route=\/wp\/v2\/posts"}],"about":[{"href":"https:\/\/iceberg.udg.edu\/index.php?rest_route=\/wp\/v2\/types\/post"}],"author":[{"embeddable":true,"href":"https:\/\/iceberg.udg.edu\/index.php?rest_route=\/wp\/v2\/users\/1"}],"replies":[{"embeddable":true,"href":"https:\/\/iceberg.udg.edu\/index.php?rest_route=%2Fwp%2Fv2%2Fcomments&post=20474"}],"version-history":[{"count":6,"href":"https:\/\/iceberg.udg.edu\/index.php?rest_route=\/wp\/v2\/posts\/20474\/revisions"}],"predecessor-version":[{"id":20485,"href":"https:\/\/iceberg.udg.edu\/index.php?rest_route=\/wp\/v2\/posts\/20474\/revisions\/20485"}],"wp:featuredmedia":[{"embeddable":true,"href":"https:\/\/iceberg.udg.edu\/index.php?rest_route=\/wp\/v2\/media\/20475"}],"wp:attachment":[{"href":"https:\/\/iceberg.udg.edu\/index.php?rest_route=%2Fwp%2Fv2%2Fmedia&parent=20474"}],"wp:term":[{"taxonomy":"category","embeddable":true,"href":"https:\/\/iceberg.udg.edu\/index.php?rest_route=%2Fwp%2Fv2%2Fcategories&post=20474"},{"taxonomy":"post_tag","embeddable":true,"href":"https:\/\/iceberg.udg.edu\/index.php?rest_route=%2Fwp%2Fv2%2Ftags&post=20474"}],"curies":[{"name":"wp","href":"https:\/\/api.w.org\/{rel}","templated":true}]}}