{"id":20512,"date":"2025-07-16T13:33:00","date_gmt":"2025-07-16T11:33:00","guid":{"rendered":"https:\/\/icebergng.udg.edu\/?p=20512"},"modified":"2025-09-05T14:14:47","modified_gmt":"2025-09-05T12:14:47","slug":"i-jornada-innova-ius-cap-a-una-nova-docencia-juridica-estrategies-per-a-temps-de-canvi","status":"publish","type":"post","link":"https:\/\/iceberg.udg.edu\/?p=20512","title":{"rendered":"\u00a0I Jornada Innova Ius: Cap a una nova doc\u00e8ncia jur\u00eddica: estrat\u00e8gies per a temps de canvi"},"content":{"rendered":"\n<p><strong>Activitat adre\u00e7ada a&nbsp;<\/strong><strong>PDI de la Facultat de Dret<\/strong><strong>&nbsp;inclosa en el Pla de Formaci\u00f3 del Personal de la UdG<\/strong><\/p>\n\n\n\n<p><strong>Presentaci\u00f3:&nbsp;<\/strong>La&nbsp;I Jornada&nbsp;<strong>Innova Ius<\/strong>&nbsp;neix amb la voluntat de crear un espai de reflexi\u00f3 i debat sobre aquests reptes i d\u2019oferir una plataforma per compartir experi\u00e8ncies, bones pr\u00e0ctiques i propostes d\u2019innovaci\u00f3 docent en l\u2019\u00e0mbit jur\u00eddic-acad\u00e8mic. Aquesta trobada pret\u00e9n fomentar la col\u00b7laboraci\u00f3 entre docents de recent incorporaci\u00f3 i el professorat consolidat, impulsar la renovaci\u00f3 metodol\u00f2gica i posar en valor el paper del professorat de com a agent clau en la transformaci\u00f3 educativa en l\u2019actualitat.<\/p>\n\n\n\n<p><strong>Programa: <\/strong><\/p>\n\n\n\n<p>Despr\u00e9s de la pand\u00e8mia de la COVID-19, el professorat universitari ha afrontat grans canvis en la manera d\u2019ensenyar, m\u00e9s enll\u00e0 de la tecnologia: nous m\u00e8todes docents, salut mental, flexibilitat pedag\u00f2gica, diversitat, g\u00e8nere, intel\u00b7lig\u00e8ncia artificial, avaluaci\u00f3, presencialitat i el rol docent en entorns digitals.<\/p>\n\n\n\n<p>La I Jornada Innova Ius vol ser un espai de debat i intercanvi d\u2019experi\u00e8ncies en innovaci\u00f3 docent en l\u2019\u00e0mbit jur\u00eddic. Dona protagonisme al professorat novell de la UdG, alhora que fomenta el di\u00e0leg amb el professorat consolidat per impulsar la renovaci\u00f3 metodol\u00f2gica i educativa.<\/p>\n\n\n\n<p><strong>Coordina:&nbsp;<\/strong>Silvana Canales Guti\u00e9rrez (Prof. de Dret internacional privat) i Alessandro Lalli (Prof. de Hist\u00f2ria del Dret i de les Institucions).<\/p>\n\n\n\n<p><strong>Organitza:&nbsp;<\/strong>Departament de Dret Privat de la Facultat de Dret amb la col\u00b7laboaraci\u00f3&nbsp;de&nbsp;l&#8217;Institut de Ci\u00e8ncies de l&#8217;Educaci\u00f3 Josep Pallach &#8211; Servei d&#8217;Aprenentatge i Innovaci\u00f3 Docent (ICE-SAID) de la Universitat de Girona&nbsp;&nbsp;<\/p>\n\n\n\n<hr class=\"wp-block-separator has-alpha-channel-opacity\"\/>\n\n\n\n<p><strong>Calendari<\/strong>: 20 de novembre de 2025, 10h a 17h<\/p>\n\n\n\n<p><strong>Localitzaci\u00f3:<\/strong> Sala de Graus &#8211; Facultat de Dret UdG (Campus Montilivi)<\/p>\n\n\n\n<p><strong>Total:<\/strong> 7 hores<\/p>\n\n\n\n<p><strong>Matr\u00edcula:<\/strong> Del 16\/7\/2025 10:00:00 fins al 17\/11\/2025 15:00:00&nbsp;<\/p>\n\n\n\n<div class=\"wp-block-buttons is-content-justification-center is-layout-flex wp-container-core-buttons-is-layout-16018d1d wp-block-buttons-is-layout-flex\">\n<div class=\"wp-block-button\"><a class=\"wp-block-button__link wp-element-button\" href=\"https:\/\/apps.udg.edu\/MAU\/rh\/Client\/Oferta\/Detall\/29952?apart=0\" target=\"_blank\" rel=\"noreferrer noopener\">Inscriu-te<\/a><\/div>\n<\/div>\n","protected":false},"excerpt":{"rendered":"<p>La I Jornada Innova Ius \u00e9s un espai de debat i intercanvi sobre els reptes docents actuals en l\u2019\u00e0mbit jur\u00eddic, arran dels canvis postpand\u00e8mics. S\u2019hi abordaran temes com la innovaci\u00f3 metodol\u00f2gica, la salut mental, la IA o el rol del professorat. Es dona protagonisme al professorat novell, afavorint el di\u00e0leg amb el m\u00e9s experimentat. Est\u00e0 organitzat per la professora Silvana Canales i el professor Alessandro Lalli. Tindr\u00e0 lloc a la Sala de Graus de la Facultat de Dret de la UdG i podeu formalitzar la inscripci\u00f3 fins el dia 17 de novembre.<\/p>\n","protected":false},"author":1,"featured_media":20815,"comment_status":"open","ping_status":"closed","sticky":false,"template":"","format":"standard","meta":{"footnotes":""},"categories":[20],"tags":[],"class_list":["post-20512","post","type-post","status-publish","format-standard","has-post-thumbnail","hentry","category-activitats"],"_links":{"self":[{"href":"https:\/\/iceberg.udg.edu\/index.php?rest_route=\/wp\/v2\/posts\/20512","targetHints":{"allow":["GET"]}}],"collection":[{"href":"https:\/\/iceberg.udg.edu\/index.php?rest_route=\/wp\/v2\/posts"}],"about":[{"href":"https:\/\/iceberg.udg.edu\/index.php?rest_route=\/wp\/v2\/types\/post"}],"author":[{"embeddable":true,"href":"https:\/\/iceberg.udg.edu\/index.php?rest_route=\/wp\/v2\/users\/1"}],"replies":[{"embeddable":true,"href":"https:\/\/iceberg.udg.edu\/index.php?rest_route=%2Fwp%2Fv2%2Fcomments&post=20512"}],"version-history":[{"count":2,"href":"https:\/\/iceberg.udg.edu\/index.php?rest_route=\/wp\/v2\/posts\/20512\/revisions"}],"predecessor-version":[{"id":20814,"href":"https:\/\/iceberg.udg.edu\/index.php?rest_route=\/wp\/v2\/posts\/20512\/revisions\/20814"}],"wp:featuredmedia":[{"embeddable":true,"href":"https:\/\/iceberg.udg.edu\/index.php?rest_route=\/wp\/v2\/media\/20815"}],"wp:attachment":[{"href":"https:\/\/iceberg.udg.edu\/index.php?rest_route=%2Fwp%2Fv2%2Fmedia&parent=20512"}],"wp:term":[{"taxonomy":"category","embeddable":true,"href":"https:\/\/iceberg.udg.edu\/index.php?rest_route=%2Fwp%2Fv2%2Fcategories&post=20512"},{"taxonomy":"post_tag","embeddable":true,"href":"https:\/\/iceberg.udg.edu\/index.php?rest_route=%2Fwp%2Fv2%2Ftags&post=20512"}],"curies":[{"name":"wp","href":"https:\/\/api.w.org\/{rel}","templated":true}]}}