{"id":21326,"date":"2025-10-02T11:53:10","date_gmt":"2025-10-02T09:53:10","guid":{"rendered":"https:\/\/icebergng.udg.edu\/?p=21326"},"modified":"2025-10-02T11:53:11","modified_gmt":"2025-10-02T09:53:11","slug":"latencio-educativa-als-estudiants-amb-trastorn-mental-en-lambit-universitari-dificultats-necessitats-i-barreres-educatives-i-abordatge-de-casos","status":"publish","type":"post","link":"https:\/\/iceberg.udg.edu\/?p=21326","title":{"rendered":"L\u2019atenci\u00f3 educativa als estudiants amb trastorn mental en l\u2019\u00e0mbit universitari: dificultats, necessitats i barreres educatives i abordatge de casos"},"content":{"rendered":"\n<p><strong>Activitat per a PDI i PTGAS inclosa al Pla Anual de Formaci\u00f3 de la UdG<\/strong><\/p>\n\n\n\n<p><strong>Presentaci\u00f3:<\/strong>&nbsp;Aquesta formaci\u00f3 tracta sobre les dificultats i necessitats educatives que presenten els estudiants universitaris amb trastorn mental i les diferents barreres que els obstaculitzen l&#8217;aprenentatge&nbsp;i la participaci\u00f3. Es fan unes recomanacions per situar i orientar els assistents en l\u2019atenci\u00f3 educativa a aquests estudiants i, finalment, es realitza un abordatge de casos (i, si escau, sup\u00f2sits) que els assistents es troben a la seva pr\u00e0ctica docent.<\/p>\n\n\n\n<p>Especialment, servir\u00e0 als assistents per situar-se com a agents educatius (qu\u00e8 els correspon fer i qu\u00e8 no fer), con\u00e8ixer els recursos disponibles (especialment, els del centre educatiu mateix) i saber com procedir davant els sup\u00f2sits principals (e. g., revelaci\u00f3, detecci\u00f3 o derivaci\u00f3)<\/p>\n\n\n\n<p><strong>Organitza:<\/strong>&nbsp;Unitat de Comprom\u00eds Social i Orientaci\u00f3 Professional amb la col\u00b7laboraci\u00f3 de l&#8217;Institut de Ci\u00e8ncies de l&#8217;Educaci\u00f3 Josep Pallach &#8211; Servei d&#8217;Aprenentatge i Innovaci\u00f3 Docent de la Universitat de Girona.<\/p>\n\n\n\n<hr class=\"wp-block-separator has-alpha-channel-opacity\"\/>\n\n\n\n<p><strong>Programa:<\/strong> L\u2019atenci\u00f3 educativa als estudiants amb trastorn mental en l\u2019\u00e0mbit universitari: dificultats, necessitats i barreres educatives i abordatge de casos<\/p>\n\n\n\n<p><strong>1a sessi\u00f3 (2h)<\/strong><br>&#8211; Contextualitzaci\u00f3<br>&#8211; Dificultats, necessitats i barreres educatives<\/p>\n\n\n\n<p><strong>2a sessi\u00f3 (3h)<\/strong><br>&#8211; Dificultats en l\u2019aprenentatge i la participaci\u00f3 i recomanacions per a la seva atenci\u00f3 educativa<br>&#8211; Abordatge de casos&nbsp;(i, si escau, sup\u00f2sits) plantejats pels assistents<br><strong><br>A c\u00e0rrec de:&nbsp;<\/strong><a rel=\"noreferrer noopener\" href=\"https:\/\/fundaciodrissa.com\/\" target=\"_blank\">Fundaci\u00f3 DRISSA<\/a><\/p>\n\n\n\n<p><strong>Calendari:<\/strong><br>7 de novembre de&nbsp;2025 de 09:30 h a 11:30 h (1a sessi\u00f3)<br>14 de novembre de 2025 de 09:30 h a 12:30 h&nbsp;(2a sessi\u00f3)<\/p>\n\n\n\n<p><strong>Localitzaci\u00f3: <\/strong>AULA UCSOP M20 \u2013 015 (M\u00f2duls centrals del Campus Montilivi)&nbsp;<\/p>\n\n\n\n<p><strong>Total:<\/strong> 5 h.<br><br><strong>Matr\u00edcula:<\/strong> Del 1\/10\/2025 10:00:00 fins al 5\/11\/2025 10:00:00&nbsp;<\/p>\n\n\n\n<div class=\"wp-block-buttons is-content-justification-center is-layout-flex wp-container-core-buttons-is-layout-16018d1d wp-block-buttons-is-layout-flex\">\n<div class=\"wp-block-button\"><a class=\"wp-block-button__link wp-element-button\" href=\"https:\/\/apps.udg.edu\/MAU\/rh\/Client\/Oferta\/Detall\/30980?apart=0\" target=\"_blank\" rel=\"noreferrer noopener\">M\u00e9s informaci\u00f3<\/a><\/div>\n<\/div>\n","protected":false},"excerpt":{"rendered":"<p>Formaci\u00f3 sobre l\u2019atenci\u00f3 educativa a estudiants amb trastorn mental, amb continguts comuns a totes les edicions: dificultats, necessitats, barreres educatives i resoluci\u00f3 de casos. Aquesta activitat compte de dues sessions i es duran a terme als m\u00f2duls centrals del Campus Montilivi els dies 7 i 14 de novembre al mat\u00ed. Podeu formalitzar la matr\u00edcula fins el dia 5 de novembre.<\/p>\n","protected":false},"author":1,"featured_media":21339,"comment_status":"open","ping_status":"closed","sticky":false,"template":"","format":"standard","meta":{"footnotes":""},"categories":[20],"tags":[],"class_list":["post-21326","post","type-post","status-publish","format-standard","has-post-thumbnail","hentry","category-activitats"],"_links":{"self":[{"href":"https:\/\/iceberg.udg.edu\/index.php?rest_route=\/wp\/v2\/posts\/21326","targetHints":{"allow":["GET"]}}],"collection":[{"href":"https:\/\/iceberg.udg.edu\/index.php?rest_route=\/wp\/v2\/posts"}],"about":[{"href":"https:\/\/iceberg.udg.edu\/index.php?rest_route=\/wp\/v2\/types\/post"}],"author":[{"embeddable":true,"href":"https:\/\/iceberg.udg.edu\/index.php?rest_route=\/wp\/v2\/users\/1"}],"replies":[{"embeddable":true,"href":"https:\/\/iceberg.udg.edu\/index.php?rest_route=%2Fwp%2Fv2%2Fcomments&post=21326"}],"version-history":[{"count":3,"href":"https:\/\/iceberg.udg.edu\/index.php?rest_route=\/wp\/v2\/posts\/21326\/revisions"}],"predecessor-version":[{"id":21369,"href":"https:\/\/iceberg.udg.edu\/index.php?rest_route=\/wp\/v2\/posts\/21326\/revisions\/21369"}],"wp:featuredmedia":[{"embeddable":true,"href":"https:\/\/iceberg.udg.edu\/index.php?rest_route=\/wp\/v2\/media\/21339"}],"wp:attachment":[{"href":"https:\/\/iceberg.udg.edu\/index.php?rest_route=%2Fwp%2Fv2%2Fmedia&parent=21326"}],"wp:term":[{"taxonomy":"category","embeddable":true,"href":"https:\/\/iceberg.udg.edu\/index.php?rest_route=%2Fwp%2Fv2%2Fcategories&post=21326"},{"taxonomy":"post_tag","embeddable":true,"href":"https:\/\/iceberg.udg.edu\/index.php?rest_route=%2Fwp%2Fv2%2Ftags&post=21326"}],"curies":[{"name":"wp","href":"https:\/\/api.w.org\/{rel}","templated":true}]}}