{"id":22252,"date":"2026-04-27T12:39:33","date_gmt":"2026-04-27T10:39:33","guid":{"rendered":"https:\/\/iceberg.udg.edu\/?p=22252"},"modified":"2026-04-27T12:39:34","modified_gmt":"2026-04-27T10:39:34","slug":"introduccio-a-la-simulacio-clinica-i-us-docent-de-la-plataforma-e-learning-space","status":"publish","type":"post","link":"https:\/\/iceberg.udg.edu\/?p=22252","title":{"rendered":"Introducci\u00f3 a la simulaci\u00f3 cl\u00ednica i \u00fas docent de la plataforma e-Learning Space"},"content":{"rendered":"\n<p><strong><strong>Activitat per a PDI i PTGAS inclosa al Pla Anual de Formaci\u00f3 de la UdG<\/strong><\/strong><\/p>\n\n\n\n<p><strong>Presentaci\u00f3:&nbsp;<\/strong>Formaci\u00f3 online (as\u00edncrona amb recursos guiats) que t\u00e9 com a finalitat introduir el professorat en els principis b\u00e0sics de la simulaci\u00f3 cl\u00ednica i capacitar-lo per utilitzar de manera eficient la plataforma e-Learning Space en el disseny, gesti\u00f3 i avaluaci\u00f3 d\u2019activitats.<\/p>\n\n\n\n<p><strong>Organitza:<\/strong>&nbsp;Institut de Ci\u00e8ncies de l\u2019Educaci\u00f3 Josep Pallach &#8211; Servei d&#8217;Aprenentatge i Innovaci\u00f3 Docent de la Universitat de Girona amb la col\u00b7laboraci\u00f3 del Deganat de la Facultat d&#8217;Infermeria de la UdG.<\/p>\n\n\n\n<p><strong>A c\u00e0rrec de:&nbsp;<\/strong>Marta Roqueta Vall-Llosera \/ Carolina Rascon Hernan.<\/p>\n\n\n\n<hr class=\"wp-block-separator has-alpha-channel-opacity\"\/>\n\n\n\n<p><strong>Informaci\u00f3<\/strong><\/p>\n\n\n\n<p>    <strong>La formaci\u00f3 online asincr\u00f2nica estructurada en sis m\u00f2duls tem\u00e0tics:<\/strong><\/p>\n\n\n\n<ol class=\"wp-block-list\">\n<li>La simulaci\u00f3 cl\u00ednica com a metodologia docent: fonaments, tipologies i aplicacions educatives.<\/li>\n\n\n\n<li>Disseny de casos i r\u00fabriques d\u2019avaluaci\u00f3: elaboraci\u00f3 de casos, creaci\u00f3 de r\u00fabriques i configuraci\u00f3 dels formularis.<\/li>\n\n\n\n<li>Creaci\u00f3 i assignaci\u00f3 d\u2019activitats de simulaci\u00f3: planificaci\u00f3, assignaci\u00f3 per rols i organitzaci\u00f3 per grups i dates.<\/li>\n\n\n\n<li>Funcionament general i distribuci\u00f3 per sales: navegaci\u00f3 per la plataforma, configuraci\u00f3 d&#8217;espais i bones pr\u00e0ctiques.<\/li>\n\n\n\n<li>Gravaci\u00f3 i revisi\u00f3 de sessions: gesti\u00f3 de les gravacions i procediments per a la revisi\u00f3 de les avaluacions.<\/li>\n\n\n\n<li>Informes de resultats acad\u00e8mics de l\u2019estudiantat: interpretaci\u00f3 i visualitzaci\u00f3 dels diferents tipus d&#8217;informes, tant de manera individual com grupal.<\/li>\n<\/ol>\n\n\n\n<p><strong>Metodologies docents emprades al curs<\/strong><\/p>\n\n\n\n<ol class=\"wp-block-list\">\n<li>Materials audiovisuals i guies pr\u00e0ctiques<\/li>\n\n\n\n<li>Activitats d\u2019autoavaluaci\u00f3 mitjan\u00e7ant q\u00fcestionari Moodle<\/li>\n<\/ol>\n\n\n\n<hr class=\"wp-block-separator has-alpha-channel-opacity\"\/>\n\n\n\n<p><strong>Calendari<\/strong>: Activitat d\u2019autoaprenentatge, disponible fins el 31 d&#8217;agost de 2026.&nbsp;<\/p>\n\n\n\n<p><strong>Localitzaci\u00f3<\/strong>: <br>Activitat asincr\u00f2nica a Moodle.<br>Podreu accedir&nbsp;als continguts del curs&nbsp;<a href=\"https:\/\/lameva.udg.edu\/ca-es\/Docencia\/Cursos#\" target=\"_blank\" rel=\"noreferrer noopener\">La Meva&gt;Doc\u00e8ncia&gt;Cursos<\/a>&nbsp;a partir de l&#8217;endem\u00e0 de la inscripci\u00f3 al mateix.<\/p>\n\n\n\n<p><strong>Total: <\/strong>10,00h.<\/p>\n\n\n\n<p><strong>Matr\u00edcula:<\/strong> Del 21\/4\/2026 12:20:31 fins al 31\/8\/2026 10:00:00 <\/p>\n\n\n\n<div class=\"wp-block-buttons is-content-justification-center is-layout-flex wp-container-core-buttons-is-layout-16018d1d wp-block-buttons-is-layout-flex\">\n<div class=\"wp-block-button\"><a class=\"wp-block-button__link wp-element-button\" href=\"https:\/\/apps.udg.edu\/MAU\/rh\/Client\/Oferta\/Detall\/35109?apart=0\">M\u00e9s informaci\u00f3<\/a><\/div>\n<\/div>\n","protected":false},"excerpt":{"rendered":"<p>Es tracta d\u2019una formaci\u00f3 online asincr\u00f2nica de la UdG adre\u00e7ada a PDI i PTGAS, t\u00e9 com a objectiu introduir el professorat en la simulaci\u00f3 cl\u00ednica i en l\u2019\u00fas de la plataforma e-Learning Space per dissenyar, gestionar i avaluar activitats docents. Es duu a terme a trav\u00e9s de Moodle i podeu matricular-vos fins el 31 d&#8217;agost.<\/p>\n","protected":false},"author":1,"featured_media":22253,"comment_status":"closed","ping_status":"closed","sticky":false,"template":"","format":"standard","meta":{"footnotes":""},"categories":[20],"tags":[],"class_list":["post-22252","post","type-post","status-publish","format-standard","has-post-thumbnail","hentry","category-activitats"],"_links":{"self":[{"href":"https:\/\/iceberg.udg.edu\/index.php?rest_route=\/wp\/v2\/posts\/22252","targetHints":{"allow":["GET"]}}],"collection":[{"href":"https:\/\/iceberg.udg.edu\/index.php?rest_route=\/wp\/v2\/posts"}],"about":[{"href":"https:\/\/iceberg.udg.edu\/index.php?rest_route=\/wp\/v2\/types\/post"}],"author":[{"embeddable":true,"href":"https:\/\/iceberg.udg.edu\/index.php?rest_route=\/wp\/v2\/users\/1"}],"replies":[{"embeddable":true,"href":"https:\/\/iceberg.udg.edu\/index.php?rest_route=%2Fwp%2Fv2%2Fcomments&post=22252"}],"version-history":[{"count":3,"href":"https:\/\/iceberg.udg.edu\/index.php?rest_route=\/wp\/v2\/posts\/22252\/revisions"}],"predecessor-version":[{"id":22295,"href":"https:\/\/iceberg.udg.edu\/index.php?rest_route=\/wp\/v2\/posts\/22252\/revisions\/22295"}],"wp:featuredmedia":[{"embeddable":true,"href":"https:\/\/iceberg.udg.edu\/index.php?rest_route=\/wp\/v2\/media\/22253"}],"wp:attachment":[{"href":"https:\/\/iceberg.udg.edu\/index.php?rest_route=%2Fwp%2Fv2%2Fmedia&parent=22252"}],"wp:term":[{"taxonomy":"category","embeddable":true,"href":"https:\/\/iceberg.udg.edu\/index.php?rest_route=%2Fwp%2Fv2%2Fcategories&post=22252"},{"taxonomy":"post_tag","embeddable":true,"href":"https:\/\/iceberg.udg.edu\/index.php?rest_route=%2Fwp%2Fv2%2Ftags&post=22252"}],"curies":[{"name":"wp","href":"https:\/\/api.w.org\/{rel}","templated":true}]}}