{"id":22256,"date":"2026-04-27T12:31:57","date_gmt":"2026-04-27T10:31:57","guid":{"rendered":"https:\/\/iceberg.udg.edu\/?p=22256"},"modified":"2026-04-27T12:31:59","modified_gmt":"2026-04-27T10:31:59","slug":"crea-i-comparteix-els-teus-mapes-amb-arcgis-online-i-experience-builder","status":"publish","type":"post","link":"https:\/\/iceberg.udg.edu\/?p=22256","title":{"rendered":"Crea i comparteix els teus mapes amb ArcGIS Online i Experience Builder"},"content":{"rendered":"\n<p><strong><strong>Activitat per a PDI i PTGAS inclosa al Pla Anual de Formaci\u00f3 de la UdG<\/strong><\/strong><\/p>\n\n\n\n<p><strong>Presentaci\u00f3:<\/strong> ArcGIS Online i Experience Builder d\u2019Esri s\u00f3n eines que permeten crear mapes web interactius i aplicacions per compartir informaci\u00f3 geogr\u00e0fica de manera senzilla i eficient. La llic\u00e8ncia de campus inclou una subscripci\u00f3 a ArcGIS Online amb un compte d\u2019organitzaci\u00f3 per a tota la comunitat universit\u00e0ria, fet que facilita l\u2019acc\u00e9s universal a la plataforma.&nbsp;En aquest curs els participants aprendran a utilitzar&nbsp;<strong>ArcGIS Online<\/strong>&nbsp;per crear, configurar i compartir contingut geoespacial.&nbsp;A m\u00e9s, descobriran com crear i publicar aplicacions web interactives amb&nbsp;<strong>Experience Builder<\/strong>, aprenent a dissenyar-les, afegir widgets, connectar dades i personalitzar-ne l\u2019estil.<\/p>\n\n\n\n<p><strong>Organitza:<\/strong>&nbsp;Institut de Ci\u00e8ncies de l\u2019Educaci\u00f3 Josep Pallach &#8211; Servei d&#8217;Aprenentatge i Innovaci\u00f3 Docent de la Universitat de Girona amb la col\u00b7laboraci\u00f3 del Servei de Sistemes d\u2019Informaci\u00f3 Geogr\u00e0fica i Teledetecci\u00f3 (SIGTE).<\/p>\n\n\n\n<p><strong>A c\u00e0rrec de:<\/strong> Fernando Ordu\u00f1a Aznar.&nbsp;T\u00e8cnic SIG (Servei de Sistemes d&#8217;Informaci\u00f3 Geogr\u00e0fica i Teledetecci\u00f3).<\/p>\n\n\n\n<hr class=\"wp-block-separator has-alpha-channel-opacity\"\/>\n\n\n\n<p><strong>Programa:&nbsp;<\/strong><\/p>\n\n\n\n<ol class=\"wp-block-list\">\n<li>Activar el compte d\u2019ArcGIS Online<br><\/li>\n\n\n\n<li>Crear contingut\n<ul class=\"wp-block-list\">\n<li>Capes SIG<\/li>\n\n\n\n<li>Serveis OGC&nbsp;<\/li>\n\n\n\n<li>Fitxers Excel, csv<br><\/li>\n<\/ul>\n<\/li>\n\n\n\n<li>Configuraci\u00f3:&nbsp;\n<ul class=\"wp-block-list\">\n<li>Simbologia (punts, l\u00ednies, pol\u00edgons, escales de visualitzaci\u00f3)&nbsp;<\/li>\n\n\n\n<li>Atributs i finestres emergents&nbsp;<\/li>\n\n\n\n<li>Contingut multim\u00e8dia&nbsp;<br><\/li>\n<\/ul>\n<\/li>\n\n\n\n<li>Guardar capes i serveis<br><\/li>\n\n\n\n<li>Configurar capes amb capacitat d\u2019edici\u00f3<br><\/li>\n\n\n\n<li>Compartir contingut<br><\/li>\n\n\n\n<li>Publicar contingut a la web amb Experience Builder\n<ul class=\"wp-block-list\">\n<li>Configurar el disseny<\/li>\n\n\n\n<li>Afegir widgets<\/li>\n\n\n\n<li>Connexi\u00f3 a dades<\/li>\n\n\n\n<li>Personalitzar temes i estils<\/li>\n\n\n\n<li>Configurar interaccions<\/li>\n\n\n\n<li>Previsualitzaci\u00f3 i publicaci\u00f3<\/li>\n<\/ul>\n<\/li>\n<\/ol>\n\n\n\n<hr class=\"wp-block-separator has-alpha-channel-opacity\"\/>\n\n\n\n<p><strong>Calendari: <\/strong>9, 11, 16 i 18 de juny 2026&nbsp;de 10:00h a 13:00h.<br><br><strong>Total: <\/strong>12,00h.<\/p>\n\n\n\n<p><strong>Localitzaci\u00f3: <\/strong>Aula d&#8217;inform\u00e0tica 165 &#8211; Facultat d&#8217;Educaci\u00f3 i Psicologia UdG Barri Vell.<\/p>\n\n\n\n<p><strong>Matr\u00edcula: <\/strong>\u00a0Del 27\/4\/2026 10:00:00 fins al 3\/6\/2026 10:00:00\u00a0<\/p>\n\n\n\n<div class=\"wp-block-buttons is-content-justification-center is-layout-flex wp-container-core-buttons-is-layout-16018d1d wp-block-buttons-is-layout-flex\">\n<div class=\"wp-block-button\"><a class=\"wp-block-button__link wp-element-button\" href=\"https:\/\/apps.udg.edu\/MAU\/rh\/Client\/Oferta\/Detall\/32038?apart=0\">M\u00e9s informaci\u00f3<\/a><\/div>\n<\/div>\n","protected":false},"excerpt":{"rendered":"<p>Curs de formaci\u00f3 per a PDI i PTGAS per aprendre a crear i compartir contingut geoespacial amb ArcGIS Online i dissenyar aplicacions web interactives amb Experience Builder. Inclou creaci\u00f3 de capes, configuraci\u00f3 de mapes, \u00fas de dades, i publicaci\u00f3 d\u2019aplicacions amb widgets i disseny personalitzat. La matr\u00edcula comen\u00e7ar\u00e0 el 4 de maig. Aquesta formaci\u00f3 es dur\u00e0 a terme els dies 9, 11, 16 i 18 de juny de 2026 i us podreu matricular fins el 3 de juny.<\/p>\n","protected":false},"author":1,"featured_media":22257,"comment_status":"open","ping_status":"closed","sticky":false,"template":"","format":"standard","meta":{"footnotes":""},"categories":[20],"tags":[],"class_list":["post-22256","post","type-post","status-publish","format-standard","has-post-thumbnail","hentry","category-activitats"],"_links":{"self":[{"href":"https:\/\/iceberg.udg.edu\/index.php?rest_route=\/wp\/v2\/posts\/22256","targetHints":{"allow":["GET"]}}],"collection":[{"href":"https:\/\/iceberg.udg.edu\/index.php?rest_route=\/wp\/v2\/posts"}],"about":[{"href":"https:\/\/iceberg.udg.edu\/index.php?rest_route=\/wp\/v2\/types\/post"}],"author":[{"embeddable":true,"href":"https:\/\/iceberg.udg.edu\/index.php?rest_route=\/wp\/v2\/users\/1"}],"replies":[{"embeddable":true,"href":"https:\/\/iceberg.udg.edu\/index.php?rest_route=%2Fwp%2Fv2%2Fcomments&post=22256"}],"version-history":[{"count":3,"href":"https:\/\/iceberg.udg.edu\/index.php?rest_route=\/wp\/v2\/posts\/22256\/revisions"}],"predecessor-version":[{"id":22286,"href":"https:\/\/iceberg.udg.edu\/index.php?rest_route=\/wp\/v2\/posts\/22256\/revisions\/22286"}],"wp:featuredmedia":[{"embeddable":true,"href":"https:\/\/iceberg.udg.edu\/index.php?rest_route=\/wp\/v2\/media\/22257"}],"wp:attachment":[{"href":"https:\/\/iceberg.udg.edu\/index.php?rest_route=%2Fwp%2Fv2%2Fmedia&parent=22256"}],"wp:term":[{"taxonomy":"category","embeddable":true,"href":"https:\/\/iceberg.udg.edu\/index.php?rest_route=%2Fwp%2Fv2%2Fcategories&post=22256"},{"taxonomy":"post_tag","embeddable":true,"href":"https:\/\/iceberg.udg.edu\/index.php?rest_route=%2Fwp%2Fv2%2Ftags&post=22256"}],"curies":[{"name":"wp","href":"https:\/\/api.w.org\/{rel}","templated":true}]}}