{"id":22260,"date":"2026-04-27T12:34:39","date_gmt":"2026-04-27T10:34:39","guid":{"rendered":"https:\/\/iceberg.udg.edu\/?p=22260"},"modified":"2026-04-27T12:34:52","modified_gmt":"2026-04-27T10:34:52","slug":"com-afavorir-unes-relacions-lliures-de-discriminacions-a-la-universitat","status":"publish","type":"post","link":"https:\/\/iceberg.udg.edu\/?p=22260","title":{"rendered":"Com afavorir unes relacions lliures de discriminacions a la Universitat"},"content":{"rendered":"\n<p><strong><strong><strong>Activitat per a PDI i PTGAS inclosa al Pla Anual de Formaci\u00f3 de la UdG<\/strong><\/strong><\/strong><\/p>\n\n\n\n<p><strong>Presentaci\u00f3:<\/strong> Aquest curs ofereix una formaci\u00f3 introduct\u00f2ria en mat\u00e8ria d&#8217;igualtat de tracte i no-discriminaci\u00f3. Pret\u00e9n dotar al personal dels coneixements i els recursos necessaris per detectar i abordar una situaci\u00f3 de discriminaci\u00f3 en el context de l&#8217;exercici de la funci\u00f3 p\u00fablica. Es tractaran casos de discriminaci\u00f3 per motius d\u2019aporof\u00f2bia, edatisme, situaci\u00f3 administrativa, aspecte f\u00edsic o indument\u00e0ria, capacitisme, islamof\u00f2bia, antigitanisme o antiseministre, entre d\u2019altres.&nbsp;<\/p>\n\n\n\n<p><strong>Organitza:<\/strong>&nbsp;UCSOP&nbsp;i Institut de Ci\u00e8ncies de l\u2019Educaci\u00f3 Josep Pallach &#8211; Servei d&#8217;Aprenentatge i Innovaci\u00f3 Docent (ICE-SAID) de la Universitat de Girona.<\/p>\n\n\n\n<p><strong>A c\u00e0rrec de:<\/strong> Aurora Lonetto<\/p>\n\n\n\n<hr class=\"wp-block-separator has-alpha-channel-opacity\"\/>\n\n\n\n<p><strong>Programa:&nbsp;<\/strong>Aquest curs \u00e9s una iniciativa de l\u2019Oficina d\u2019Igualtat de Tracte i No-discriminaci\u00f3 de la Generalitat de Catalunya.<\/p>\n\n\n\n<p>Els continguts que s\u2019abordaran s\u00f3n els seg\u00fcents:<\/p>\n\n\n\n<ol class=\"wp-block-list\">\n<li>Antecedents: normativa vinculada amb els Drets Humans<\/li>\n\n\n\n<li>Context i finalitat de la Llei 19\/2020<\/li>\n\n\n\n<li>Definicions en el marc de la Llei 19\/2020<\/li>\n\n\n\n<li>Funcions de l\u2019Oficina d\u2019Igualtat de Tracte i No-discriminaci\u00f3<\/li>\n\n\n\n<li>El deure d\u2019intervenci\u00f3 del personal de les administracions p\u00fabliques<\/li>\n\n\n\n<li>La den\u00fancia administrativa<\/li>\n\n\n\n<li>Procediment sancionador<\/li>\n\n\n\n<li>Proc\u00e9s restauratiu<\/li>\n\n\n\n<li>Acompanyament a les v\u00edctimes<\/li>\n\n\n\n<li>Casos pr\u00e0ctics. Dubtes i preguntes<\/li>\n<\/ol>\n\n\n\n<hr class=\"wp-block-separator has-alpha-channel-opacity\"\/>\n\n\n\n<p><strong>Calendari: <\/strong>30 de juny de 2026, de 10:00 h a 14:00 h<br><br><strong>Total: <\/strong>4,00h.<\/p>\n\n\n\n<p><strong>Localitzaci\u00f3: <\/strong>Sala de Graus de la Facultat d\u2019Economia i Empresa (Campus Montilivi).<\/p>\n\n\n\n<p><strong>Matr\u00edcula: <\/strong>&nbsp;Del 21\/4\/2026 15:30:00 fins al 24\/6\/2026 10:00:00.&nbsp;<\/p>\n\n\n\n<div class=\"wp-block-buttons is-content-justification-center is-layout-flex wp-container-core-buttons-is-layout-16018d1d wp-block-buttons-is-layout-flex\">\n<div class=\"wp-block-button\"><a class=\"wp-block-button__link wp-element-button\" href=\"https:\/\/apps.udg.edu\/MAU\/rh\/Client\/Oferta\/Detall\/35121?apart=0\">M\u00e9s informaci\u00f3<\/a><\/div>\n<\/div>\n","protected":false},"excerpt":{"rendered":"<p>Curs presencial de 4 hores sobre igualtat de tracte i no-discriminaci\u00f3 en l\u2019\u00e0mbit universitari. Proporciona eines per detectar i actuar davant situacions de discriminaci\u00f3, amb base legal (Llei 19\/2020) i casos pr\u00e0ctics. La matricula per a aquesta activitat romandr\u00e0 oberta fins el dia 24 de juny o fins esgotar les places disponibles. <\/p>\n","protected":false},"author":1,"featured_media":22261,"comment_status":"open","ping_status":"closed","sticky":false,"template":"","format":"standard","meta":{"footnotes":""},"categories":[20],"tags":[],"class_list":["post-22260","post","type-post","status-publish","format-standard","has-post-thumbnail","hentry","category-activitats"],"_links":{"self":[{"href":"https:\/\/iceberg.udg.edu\/index.php?rest_route=\/wp\/v2\/posts\/22260","targetHints":{"allow":["GET"]}}],"collection":[{"href":"https:\/\/iceberg.udg.edu\/index.php?rest_route=\/wp\/v2\/posts"}],"about":[{"href":"https:\/\/iceberg.udg.edu\/index.php?rest_route=\/wp\/v2\/types\/post"}],"author":[{"embeddable":true,"href":"https:\/\/iceberg.udg.edu\/index.php?rest_route=\/wp\/v2\/users\/1"}],"replies":[{"embeddable":true,"href":"https:\/\/iceberg.udg.edu\/index.php?rest_route=%2Fwp%2Fv2%2Fcomments&post=22260"}],"version-history":[{"count":3,"href":"https:\/\/iceberg.udg.edu\/index.php?rest_route=\/wp\/v2\/posts\/22260\/revisions"}],"predecessor-version":[{"id":22291,"href":"https:\/\/iceberg.udg.edu\/index.php?rest_route=\/wp\/v2\/posts\/22260\/revisions\/22291"}],"wp:featuredmedia":[{"embeddable":true,"href":"https:\/\/iceberg.udg.edu\/index.php?rest_route=\/wp\/v2\/media\/22261"}],"wp:attachment":[{"href":"https:\/\/iceberg.udg.edu\/index.php?rest_route=%2Fwp%2Fv2%2Fmedia&parent=22260"}],"wp:term":[{"taxonomy":"category","embeddable":true,"href":"https:\/\/iceberg.udg.edu\/index.php?rest_route=%2Fwp%2Fv2%2Fcategories&post=22260"},{"taxonomy":"post_tag","embeddable":true,"href":"https:\/\/iceberg.udg.edu\/index.php?rest_route=%2Fwp%2Fv2%2Ftags&post=22260"}],"curies":[{"name":"wp","href":"https:\/\/api.w.org\/{rel}","templated":true}]}}