{"id":22279,"date":"2026-04-27T12:37:40","date_gmt":"2026-04-27T10:37:40","guid":{"rendered":"https:\/\/iceberg.udg.edu\/?p=22279"},"modified":"2026-04-27T12:44:04","modified_gmt":"2026-04-27T10:44:04","slug":"atencio-a-persones-amb-discapacitat","status":"publish","type":"post","link":"https:\/\/iceberg.udg.edu\/?p=22279","title":{"rendered":"Atenci\u00f3 a persones amb discapacitat"},"content":{"rendered":"\n<p><strong><strong>Activitat per a PDI i PTGAS*&nbsp;inclosa al Pla Anual de Formaci\u00f3 de la UdG<\/strong><\/strong><\/p>\n\n\n\n<p><em>(*)&nbsp;En el col\u00b7lectiu de PTGAS tots aquells que tinguin a veure amb l\u2019atenci\u00f3 directa de l\u2019estudiantat amb discapacitat o necessitats educatives<\/em><\/p>\n\n\n\n<p><strong>Presentaci\u00f3:&nbsp;<\/strong>La sessi\u00f3 constar\u00e0 d\u2019una part d\u2019exposici\u00f3 per part de la ponent i d\u2019un temps per al debat, consultes i q\u00fcestions.<\/p>\n\n\n\n<p><strong>Organitza:<\/strong>&nbsp;&nbsp;Unitat de Comprom\u00eds Social i Orientaci\u00f3 Professional&nbsp;amb la col\u00b7laboraci\u00f3 de l&#8217;Institut de Ci\u00e8ncies de l&#8217;Educaci\u00f3 Josep Pallach &#8211; Servei d&#8217;Aprenentatge i Innovaci\u00f3 Docent de la Universitat de Girona.<\/p>\n\n\n\n<p><strong>A<\/strong><strong> c\u00e0rrec de<\/strong>:&nbsp;Montse Castro Belmonte (t\u00e8cnica d\u2019Inclusi\u00f3 de la Unitat de Comprom\u00eds Social i Orientaci\u00f3 Professional de la UdG)<\/p>\n\n\n\n<hr class=\"wp-block-separator has-alpha-channel-opacity\"\/>\n\n\n\n<p><em><strong>Atenci\u00f3 a persones amb discapacitat. Nivell I<\/strong><\/em><br><br><strong>Programa:<\/strong> Formaci\u00f3 b\u00e0sica per a PDI i PTGAS amb la qual contextualitzaran l\u2019atenci\u00f3 a persones amb alguna necessitat educativa o discapacitat a la UdG i els aspectes a tenir en compte.<\/p>\n\n\n\n<ul class=\"wp-block-list\">\n<li>Presentaci\u00f3 de l\u2019\u00e0rea d\u2019inclusi\u00f3 i diversitat<\/li>\n\n\n\n<li>L\u2019estudiantat amb Discapacitat a la UdG<\/li>\n\n\n\n<li>Qu\u00e8 s\u2019ha de tenir en compte en el dia a dia<\/li>\n\n\n\n<li>Atenci\u00f3 a persones amb discapacitat\u00a0<\/li>\n<\/ul>\n\n\n\n<ol class=\"wp-block-list\"><\/ol>\n\n\n\n<hr class=\"wp-block-separator has-alpha-channel-opacity\"\/>\n\n\n\n<p><em><strong>Atenci\u00f3 a persones amb discapacitat. Nivell I<\/strong><\/em> <em>(Aquest curs es recomana despr\u00e9s d\u2019haver fet el Nivell I.&nbsp; Tamb\u00e9 cal tenir en compte que s\u2019oferir\u00e0 una formaci\u00f3 espec\u00edfica sobre Salut Mental).<\/em><\/p>\n\n\n\n<p><strong>Programa:<\/strong> El present curs neix com a ampliaci\u00f3 i treball m\u00e9s espec\u00edfic sobre algunes de les situacions amb m\u00e9s pres\u00e8ncia a les nostres aules. De quina manera ens afecta? Com podem donar resposta?<\/p>\n\n\n\n<ul class=\"wp-block-list\">\n<li>Quin estudiantat ens trobem a les nostres aules?<\/li>\n\n\n\n<li>Treball sobre tipologies espec\u00edfiques<\/li>\n\n\n\n<li>Disseny Universal de l\u2019Aprenentatge<\/li>\n<\/ul>\n\n\n\n<hr class=\"wp-block-separator has-alpha-channel-opacity\"\/>\n\n\n\n<p><strong>Calendari:<\/strong><\/p>\n\n\n\n<ul class=\"wp-block-list\">\n<li>Nivell I: 1 de juliol de 2026 de 09:30 h a 11:30 h&nbsp;<\/li>\n\n\n\n<li>Nivell II: 8 de juliol de 2026 de 09:30 h a 11:30 h&nbsp;<\/li>\n<\/ul>\n\n\n\n<p><strong>Localitzaci\u00f3: <\/strong>Totes dues activitats tindran lloc al Aula 32, de la Facultat d&#8217;Econ\u00f2miques&nbsp;(Campus Montilivi)&nbsp;<\/p>\n\n\n\n<p><strong>Total:<\/strong> Cada activitat t\u00e9 una durada de 2 h.<\/p>\n\n\n\n<p><strong>Matr\u00edcula:<\/strong> Ambd\u00f3s nivells d&#8217;activitat inicien i finalitzen la matr\u00edcula el mateix dia.<\/p>\n\n\n\n<ul class=\"wp-block-list\">\n<li><em><strong>Matricula. Nivell I<\/strong><\/em>\n<ul class=\"wp-block-list\">\n<li>Del 23\/4\/2026 12:00:00 fins al 25\/6\/2026 10:00:00 &nbsp;<br>&nbsp;<\/li>\n<\/ul>\n<\/li>\n<\/ul>\n\n\n\n<ul class=\"wp-block-list\">\n<li><em><strong>Matricula Nivell II<\/strong><\/em> <em>(recordeu que es recomana haver fet el Nivell I).<\/em>\n<ul class=\"wp-block-list\">\n<li>Del 23\/4\/2026 12:00:00 fins al 26\/6\/2026 10:00:00 &nbsp;<\/li>\n<\/ul>\n<\/li>\n<\/ul>\n\n\n\n<div class=\"wp-block-buttons is-content-justification-center is-layout-flex wp-container-core-buttons-is-layout-16018d1d wp-block-buttons-is-layout-flex\">\n<div class=\"wp-block-button\"><a class=\"wp-block-button__link wp-element-button\" href=\"https:\/\/apps.udg.edu\/MAU\/rh\/Client\/Oferta\/Detall\/28905?apart=0\">M\u00e9s informaci\u00f3<\/a><\/div>\n<\/div>\n","protected":false},"excerpt":{"rendered":"<p>Aquesta formaci\u00f3 aborda com atendre a les persones amb discapacitat a la universitat. Consta de dues sessions presencials: El Nivell I ofereix una visi\u00f3 general sobre la inclusi\u00f3 i estrat\u00e8gies docents b\u00e0siques. El Nivell II aprofundeix en casos concrets i aplica el Disseny Universal de l\u2019Aprenentatge. Es recomana cursar primer el Nivell I. La matr\u00edcula d&#8217;aquestes activitats es podr\u00e0 dur a terme fins al dia 25 i 26 de juny respectivament.<\/p>\n","protected":false},"author":1,"featured_media":20057,"comment_status":"open","ping_status":"closed","sticky":false,"template":"","format":"standard","meta":{"footnotes":""},"categories":[20],"tags":[],"class_list":["post-22279","post","type-post","status-publish","format-standard","has-post-thumbnail","hentry","category-activitats"],"_links":{"self":[{"href":"https:\/\/iceberg.udg.edu\/index.php?rest_route=\/wp\/v2\/posts\/22279","targetHints":{"allow":["GET"]}}],"collection":[{"href":"https:\/\/iceberg.udg.edu\/index.php?rest_route=\/wp\/v2\/posts"}],"about":[{"href":"https:\/\/iceberg.udg.edu\/index.php?rest_route=\/wp\/v2\/types\/post"}],"author":[{"embeddable":true,"href":"https:\/\/iceberg.udg.edu\/index.php?rest_route=\/wp\/v2\/users\/1"}],"replies":[{"embeddable":true,"href":"https:\/\/iceberg.udg.edu\/index.php?rest_route=%2Fwp%2Fv2%2Fcomments&post=22279"}],"version-history":[{"count":3,"href":"https:\/\/iceberg.udg.edu\/index.php?rest_route=\/wp\/v2\/posts\/22279\/revisions"}],"predecessor-version":[{"id":22297,"href":"https:\/\/iceberg.udg.edu\/index.php?rest_route=\/wp\/v2\/posts\/22279\/revisions\/22297"}],"wp:featuredmedia":[{"embeddable":true,"href":"https:\/\/iceberg.udg.edu\/index.php?rest_route=\/wp\/v2\/media\/20057"}],"wp:attachment":[{"href":"https:\/\/iceberg.udg.edu\/index.php?rest_route=%2Fwp%2Fv2%2Fmedia&parent=22279"}],"wp:term":[{"taxonomy":"category","embeddable":true,"href":"https:\/\/iceberg.udg.edu\/index.php?rest_route=%2Fwp%2Fv2%2Fcategories&post=22279"},{"taxonomy":"post_tag","embeddable":true,"href":"https:\/\/iceberg.udg.edu\/index.php?rest_route=%2Fwp%2Fv2%2Ftags&post=22279"}],"curies":[{"name":"wp","href":"https:\/\/api.w.org\/{rel}","templated":true}]}}