{"id":22292,"date":"2026-04-27T12:48:23","date_gmt":"2026-04-27T10:48:23","guid":{"rendered":"https:\/\/iceberg.udg.edu\/?p=22292"},"modified":"2026-04-27T12:48:24","modified_gmt":"2026-04-27T10:48:24","slug":"eines-digitals-per-dinamitzar-la-docencia-2","status":"publish","type":"post","link":"https:\/\/iceberg.udg.edu\/?p=22292","title":{"rendered":"Eines digitals per dinamitzar la doc\u00e8ncia"},"content":{"rendered":"\n<p><strong><strong><br><strong>Activitat per a PDI i PTGAS inclosa al Pla Anual de Formaci\u00f3 de la UdG<\/strong><\/strong><\/strong><br><strong><em>Destinataris:\u00a0<\/em><\/strong><em>Per a PDI i PTGAS que imparteixen doc\u00e8ncia<\/em><br><br><strong>Presentaci\u00f3:<\/strong> \u00a0L\u2019objectiu principal d\u2019aquesta formaci\u00f3 \u00e9s el de con\u00e8ixer eines i recursos tecnol\u00f2gics que ens poden ajudar a dinamitzar les sessions docents a l\u2019aula. La formaci\u00f3 \u00e9s una mescla de conceptes te\u00f2rics i d\u2019aplicaci\u00f3 pr\u00e0ctica.<\/p>\n\n\n\n<p><strong>Organitza:<\/strong>\u00a0Institut de Ci\u00e8ncies de l&#8217;Educaci\u00f3 Josep Pallach &#8211; Servei d&#8217;Aprenentatge i Innovaci\u00f3 Docent (ICE-SAID) de la Universitat de Girona.<\/p>\n\n\n\n<p><strong>A c\u00e0rrec de: <\/strong>Pere Cornell\u00e0 Canals. Responsable de l&#8217;aplicaci\u00f3 de tecnologies educatives en entorns d&#8217;aprenentatge\u00a0ICE-SAID\u00a0<\/p>\n\n\n\n<hr class=\"wp-block-separator has-alpha-channel-opacity\"\/>\n\n\n\n<p><br><strong>Informaci\u00f3:<\/strong><\/p>\n\n\n\n<p><strong>Programa:<br><br><\/strong>1a sessi\u00f3:\u00a0conceptes te\u00f2rics sobre eines i recursos digitals:<\/p>\n\n\n\n<ul class=\"wp-block-list\">\n<li>el perfil docent (model TPACK)o\u00a0 \u00a0avaluaci\u00f3 de l\u2019impacte de l\u2019\u00fas de la tecnologia en l&#8217;aprenentatge<\/li>\n\n\n\n<li>tipus d\u2019eines i recursos: per compartir, per fer presentacions, per fer trobades en l\u00ednia, mirada l\u00fadica<\/li>\n\n\n\n<li>el paper de la intel\u00b7lig\u00e8ncia artificial<\/li>\n<\/ul>\n\n\n\n<p>2a sessi\u00f3:\u00a0disseny d\u2019experi\u00e8ncies d\u2019aprenentatge amb tecnologia:<\/p>\n\n\n\n<ul class=\"wp-block-list\">\n<li>disseny i desenvolupament d\u2019activitats amb l\u2019\u00fas de l\u2019eina<\/li>\n\n\n\n<li>eines que esculli cada participant<\/li>\n<\/ul>\n\n\n\n<hr class=\"wp-block-separator has-alpha-channel-opacity\"\/>\n\n\n\n<p><strong>Calendari<\/strong>:<\/p>\n\n\n\n<ul class=\"wp-block-list\">\n<li>1a sessi\u00f3: 2 de juny de 2026 de\u00a09:30 h a 11:00 h<\/li>\n\n\n\n<li>2a sessi\u00f3: 4 de juny de 2026 de\u00a09:30 h a 11:00 h<\/li>\n<\/ul>\n\n\n\n<p><strong>Localitzaci\u00f3: <\/strong><\/p>\n\n\n\n<ul class=\"wp-block-list\">\n<li>1a sessi\u00f3: Telepresencial, a trav\u00e9s de Microsoft Teams.<\/li>\n\n\n\n<li>2a sessi\u00f3: sala de formaci\u00f3 de l&#8217;ICE-SAID, Edifici Jaume Casademont. Porta B, 1r pis, Parc de Recerca i Innovaci\u00f3 de la UdG.<\/li>\n<\/ul>\n\n\n\n<p><strong>Matr\u00edcula:<\/strong> Del 22\/4\/2026 10:00:00 fins al 27\/5\/2026 10:00:00 \u00a0<\/p>\n\n\n\n<p><strong>Durada: <\/strong>3,00h.<\/p>\n\n\n\n<div class=\"wp-block-buttons is-content-justification-center is-layout-flex wp-container-core-buttons-is-layout-16018d1d wp-block-buttons-is-layout-flex\">\n<div class=\"wp-block-button aligncenter\"><a class=\"wp-block-button__link wp-element-button\" href=\"https:\/\/apps.udg.edu\/MAU\/rh\/Client\/Oferta\/Detall\/25841?apart=0\">M\u00e9s informaci\u00f3<\/a><\/div>\n<\/div>\n","protected":false},"excerpt":{"rendered":"<p>Aquesta activitat consta de dues sessions: la primera es telepresencial i tracta conceptes te\u00f2rics sobre eines i recursos digitals en educaci\u00f3, mentre que la segona ser\u00e0 presencial i es centra en el disseny d&#8217;experi\u00e8ncies d&#8217;aprenentatge amb tecnologia. Estar\u00e0 a c\u00e0rrec de Pere Cornell\u00e0 Canals i podreu matricular-vos fins el dia 27 de maig.<\/p>\n","protected":false},"author":1,"featured_media":19725,"comment_status":"open","ping_status":"closed","sticky":false,"template":"","format":"standard","meta":{"footnotes":""},"categories":[20],"tags":[],"class_list":["post-22292","post","type-post","status-publish","format-standard","has-post-thumbnail","hentry","category-activitats"],"_links":{"self":[{"href":"https:\/\/iceberg.udg.edu\/index.php?rest_route=\/wp\/v2\/posts\/22292","targetHints":{"allow":["GET"]}}],"collection":[{"href":"https:\/\/iceberg.udg.edu\/index.php?rest_route=\/wp\/v2\/posts"}],"about":[{"href":"https:\/\/iceberg.udg.edu\/index.php?rest_route=\/wp\/v2\/types\/post"}],"author":[{"embeddable":true,"href":"https:\/\/iceberg.udg.edu\/index.php?rest_route=\/wp\/v2\/users\/1"}],"replies":[{"embeddable":true,"href":"https:\/\/iceberg.udg.edu\/index.php?rest_route=%2Fwp%2Fv2%2Fcomments&post=22292"}],"version-history":[{"count":1,"href":"https:\/\/iceberg.udg.edu\/index.php?rest_route=\/wp\/v2\/posts\/22292\/revisions"}],"predecessor-version":[{"id":22296,"href":"https:\/\/iceberg.udg.edu\/index.php?rest_route=\/wp\/v2\/posts\/22292\/revisions\/22296"}],"wp:featuredmedia":[{"embeddable":true,"href":"https:\/\/iceberg.udg.edu\/index.php?rest_route=\/wp\/v2\/media\/19725"}],"wp:attachment":[{"href":"https:\/\/iceberg.udg.edu\/index.php?rest_route=%2Fwp%2Fv2%2Fmedia&parent=22292"}],"wp:term":[{"taxonomy":"category","embeddable":true,"href":"https:\/\/iceberg.udg.edu\/index.php?rest_route=%2Fwp%2Fv2%2Fcategories&post=22292"},{"taxonomy":"post_tag","embeddable":true,"href":"https:\/\/iceberg.udg.edu\/index.php?rest_route=%2Fwp%2Fv2%2Ftags&post=22292"}],"curies":[{"name":"wp","href":"https:\/\/api.w.org\/{rel}","templated":true}]}}