{"id":3669,"date":"2018-03-05T08:03:09","date_gmt":"2018-03-05T07:03:09","guid":{"rendered":"http:\/\/www.iceberg.udg.edu\/?p=3669"},"modified":"2021-01-21T09:04:05","modified_gmt":"2021-01-21T08:04:05","slug":"seminari-sobre-motivacio-participacio-activa","status":"publish","type":"post","link":"https:\/\/iceberg.udg.edu\/?p=3669","title":{"rendered":"Seminari sobre motivaci\u00f3 i participaci\u00f3 activa"},"content":{"rendered":"\n<p class=\"has-text-align-left\">Aquest seminari t\u00e9 per objectiu plantejar les principals q\u00fcestions que estan relacionades amb la motivaci\u00f3 acad\u00e8mica, la participaci\u00f3 activa dels estudiants i l&#8217;aprenentatge significatiu. Els diversos elements te\u00f2rics i de reflexi\u00f3 s&#8217;aniran introduint en funci\u00f3 dels interessos dels participants i de l&#8217;evoluci\u00f3 del seminari.<\/p>\n\n\n\n<p class=\"has-text-align-left\">Alguns dels temes inclosos en programa s\u00f3n:<\/p>\n\n\n\n<ul class=\"wp-block-list\"><li>La disposici\u00f3 a l&#8217;aprenentatge<\/li><li>La motivaci\u00f3 i necessitats humanes<\/li><li>Intel\u00b7lig\u00e8ncia flu\u00efda i intel\u00b7lig\u00e8ncia cristal\u00b7litzada<\/li><li>El plaer d&#8217;aprendre: motivaci\u00f3 intr\u00ednseca<\/li><li>Relacions humanes i motivaci\u00f3<\/li><\/ul>\n\n\n\n<p class=\"has-text-align-left\">Entre les dues sessions presencials, s&#8217;inclou un per\u00edode en qu\u00e8 els participants assajaran en la seva pr\u00e0ctica docent algunes de les conclusions i actuacions docents treballades en el seminari.<\/p>\n\n\n\n<ul class=\"wp-block-list\"><li>Realitzaci\u00f3: 16 d&#8217;abril i 14 de maig de 2018<\/li><li>Lloc: Parc cient\u00edfic i Tecnol\u00f2gic. Edifici J. Casademont. Pic de Peguera, 15 Porta B, 1\u00aapl. Aula de Formaci\u00f3 1.<\/li><li>Termini inscripci\u00f3: fins el 12 d&#8217;abril de 2018<\/li><\/ul>\n\n\n\n<p class=\"has-text-align-left\"><a href=\"http:\/\/www2.udg.edu\/tabid\/6126\/Default.aspx?ID=2035\" target=\"_blank\" rel=\"noopener noreferrer\">M\u00e9s informaci\u00f3 i inscripci\u00f3<\/a><\/p>\n","protected":false},"excerpt":{"rendered":"<p>Aquest seminari t\u00e9 per objectiu plantejar les principals q\u00fcestions que estan relacionades amb la motivaci\u00f3 acad\u00e8mica, la participaci\u00f3 activa dels estudiants i l&#8217;aprenentatge significatiu. Els diversos elements te\u00f2rics i de reflexi\u00f3 s&#8217;aniran introduint en funci\u00f3 dels interessos dels participants i de l&#8217;evoluci\u00f3 del seminari. Alguns dels temes inclosos en programa s\u00f3n: La disposici\u00f3 a l&#8217;aprenentatge [&hellip;]<\/p>\n","protected":false},"author":2,"featured_media":4406,"comment_status":"open","ping_status":"open","sticky":false,"template":"","format":"standard","meta":{"footnotes":""},"categories":[20,33],"tags":[],"class_list":["post-3669","post","type-post","status-publish","format-standard","has-post-thumbnail","hentry","category-activitats","category-repassat"],"_links":{"self":[{"href":"https:\/\/iceberg.udg.edu\/index.php?rest_route=\/wp\/v2\/posts\/3669","targetHints":{"allow":["GET"]}}],"collection":[{"href":"https:\/\/iceberg.udg.edu\/index.php?rest_route=\/wp\/v2\/posts"}],"about":[{"href":"https:\/\/iceberg.udg.edu\/index.php?rest_route=\/wp\/v2\/types\/post"}],"author":[{"embeddable":true,"href":"https:\/\/iceberg.udg.edu\/index.php?rest_route=\/wp\/v2\/users\/2"}],"replies":[{"embeddable":true,"href":"https:\/\/iceberg.udg.edu\/index.php?rest_route=%2Fwp%2Fv2%2Fcomments&post=3669"}],"version-history":[{"count":1,"href":"https:\/\/iceberg.udg.edu\/index.php?rest_route=\/wp\/v2\/posts\/3669\/revisions"}],"predecessor-version":[{"id":12434,"href":"https:\/\/iceberg.udg.edu\/index.php?rest_route=\/wp\/v2\/posts\/3669\/revisions\/12434"}],"wp:featuredmedia":[{"embeddable":true,"href":"https:\/\/iceberg.udg.edu\/index.php?rest_route=\/wp\/v2\/media\/4406"}],"wp:attachment":[{"href":"https:\/\/iceberg.udg.edu\/index.php?rest_route=%2Fwp%2Fv2%2Fmedia&parent=3669"}],"wp:term":[{"taxonomy":"category","embeddable":true,"href":"https:\/\/iceberg.udg.edu\/index.php?rest_route=%2Fwp%2Fv2%2Fcategories&post=3669"},{"taxonomy":"post_tag","embeddable":true,"href":"https:\/\/iceberg.udg.edu\/index.php?rest_route=%2Fwp%2Fv2%2Ftags&post=3669"}],"curies":[{"name":"wp","href":"https:\/\/api.w.org\/{rel}","templated":true}]}}