{"id":4446,"date":"2018-04-11T11:23:28","date_gmt":"2018-04-11T09:23:28","guid":{"rendered":"https:\/\/icebergng.udg.edu\/?p=4446"},"modified":"2021-01-21T09:43:45","modified_gmt":"2021-01-21T08:43:45","slug":"conferencia-de-marcelo-giglio-de-la-universite-neuchatel","status":"publish","type":"post","link":"https:\/\/iceberg.udg.edu\/?p=4446","title":{"rendered":"Confer\u00e8ncia de Marcelo Giglio, de la Universit\u00e9 Neuch\u00e2tel"},"content":{"rendered":"\n<h2 class=\"wp-block-heading\">Colaboraci\u00f3n creativa en m\u00fasica educaci\u00f3n y compromiso<\/h2>\n\n\n\n<p>Divendres 20 d&#8217;abril 2018,\u00a0de 11h a 13h a l\u2019aula 065 de la Facultat d&#8217;Educaci\u00f3 i Psicologia UdG.<\/p>\n\n\n\n<p><img loading=\"lazy\" decoding=\"async\" width=\"246\" height=\"246\" src=\"https:\/\/iceberg.udg.edu\/wp-content\/uploads\/2018\/04\/3352.jpg\" alt=\"\"><\/p>\n\n\n\n<p>Nova confer\u00e8ncia del Cicle de confer\u00e8ncies GREPAI (Grup de REcerca en Educaci\u00f3 del Patrimoni i les Arts Interm\u00e8dies de la Universitat de Girona).<\/p>\n\n\n\n<p>Marcelo&nbsp;Giglio \u00e9s doctor en ci\u00e8ncies humanes i socials (psicologia i educaci\u00f3) de la&nbsp;Universit\u00e9&nbsp;de Neuch\u00e2tel. Tamb\u00e9 t\u00e9 una llarga traject\u00f2ria com a artista i docent a Argentina, &nbsp;a la Universitat Nacional de Rosario i a la Universitat&nbsp;Nacionald&nbsp;de Sant Martin, i a diferents nivells d&#8217;ensenyament: educaci\u00f3 especial, prim\u00e0ria, secund\u00e0ria, universit\u00e0ria, no-formal i en conservatoris.&nbsp;<\/p>\n\n\n\n<p>Actualment, \u00e9s professor i responsable de projectes de recerca a l&#8217;HEP-Bejune&nbsp;(University&nbsp;of&nbsp;Te acher&nbsp;Education). \u00c9s tamb\u00e9 docent en el M\u00e0ster&nbsp;d&#8217;Innovation&nbsp;&amp;&nbsp;Society&nbsp;a l&#8217;Institut de Psicologia i Educaci\u00f3 de la Universitat de Neuch\u00e2tel (Su\u00efssa). Giglio \u00e9s conegut en els cercles educatius pels seus treballs en arts, creativitat i col\u00b7laboraci\u00f3, tant a l&#8217;aula com en la formaci\u00f3 professional.&nbsp;<\/p>\n\n\n\n<p>Entre les seves aportacions, comptem amb els estudis sobre la perspectiva sociocreativa de l&#8217;educaci\u00f3, la bastida creativa del docent, les formes de col\u00b7laboraci\u00f3 creativa entre alumnes, aix\u00ed com la relaci\u00f3 entre innovaci\u00f3 pedag\u00f2gica i canvis educatius. Els \u00faltims anys, Giglio i els seus col\u00b7legues han estat involucrats en estudis sobre l&#8217;aprenentatge creatiu i col\u00b7laboratiu, els gestos d&#8217;orientaci\u00f3 creativa i sobre noves formes per aconseguir un ensenyament, una formaci\u00f3 del professorat i una investigaci\u00f3 m\u00e9s creatives.<\/p>\n","protected":false},"excerpt":{"rendered":"<p>Colaboraci\u00f3n creativa en m\u00fasica educaci\u00f3n y compromiso Divendres 20 d&#8217;abril 2018,\u00a0de 11h a 13h a l\u2019aula 065 de la Facultat d&#8217;Educaci\u00f3 i Psicologia UdG. Nova confer\u00e8ncia del Cicle de confer\u00e8ncies GREPAI (Grup de REcerca en Educaci\u00f3 del Patrimoni i les Arts Interm\u00e8dies de la Universitat de Girona). Marcelo&nbsp;Giglio \u00e9s doctor en ci\u00e8ncies humanes i socials [&hellip;]<\/p>\n","protected":false},"author":2,"featured_media":4447,"comment_status":"open","ping_status":"open","sticky":false,"template":"","format":"standard","meta":{"footnotes":""},"categories":[27,33],"tags":[],"class_list":["post-4446","post","type-post","status-publish","format-standard","has-post-thumbnail","hentry","category-altres-propostes","category-repassat"],"_links":{"self":[{"href":"https:\/\/iceberg.udg.edu\/index.php?rest_route=\/wp\/v2\/posts\/4446","targetHints":{"allow":["GET"]}}],"collection":[{"href":"https:\/\/iceberg.udg.edu\/index.php?rest_route=\/wp\/v2\/posts"}],"about":[{"href":"https:\/\/iceberg.udg.edu\/index.php?rest_route=\/wp\/v2\/types\/post"}],"author":[{"embeddable":true,"href":"https:\/\/iceberg.udg.edu\/index.php?rest_route=\/wp\/v2\/users\/2"}],"replies":[{"embeddable":true,"href":"https:\/\/iceberg.udg.edu\/index.php?rest_route=%2Fwp%2Fv2%2Fcomments&post=4446"}],"version-history":[{"count":1,"href":"https:\/\/iceberg.udg.edu\/index.php?rest_route=\/wp\/v2\/posts\/4446\/revisions"}],"predecessor-version":[{"id":12467,"href":"https:\/\/iceberg.udg.edu\/index.php?rest_route=\/wp\/v2\/posts\/4446\/revisions\/12467"}],"wp:featuredmedia":[{"embeddable":true,"href":"https:\/\/iceberg.udg.edu\/index.php?rest_route=\/wp\/v2\/media\/4447"}],"wp:attachment":[{"href":"https:\/\/iceberg.udg.edu\/index.php?rest_route=%2Fwp%2Fv2%2Fmedia&parent=4446"}],"wp:term":[{"taxonomy":"category","embeddable":true,"href":"https:\/\/iceberg.udg.edu\/index.php?rest_route=%2Fwp%2Fv2%2Fcategories&post=4446"},{"taxonomy":"post_tag","embeddable":true,"href":"https:\/\/iceberg.udg.edu\/index.php?rest_route=%2Fwp%2Fv2%2Ftags&post=4446"}],"curies":[{"name":"wp","href":"https:\/\/api.w.org\/{rel}","templated":true}]}}