{"id":4666,"date":"2018-05-31T09:15:30","date_gmt":"2018-05-31T07:15:30","guid":{"rendered":"https:\/\/icebergng.udg.edu\/?p=4666"},"modified":"2021-01-21T10:10:21","modified_gmt":"2021-01-21T09:10:21","slug":"jornades-dorientacio-tecnica-gestio-emocional","status":"publish","type":"post","link":"https:\/\/iceberg.udg.edu\/?p=4666","title":{"rendered":"Jornades d&#8217;Orientaci\u00f3 t\u00e8cnica: Gesti\u00f3 emocional"},"content":{"rendered":"\n<p>El proper 8 de juny es realitzar\u00e0 a la Facultat de Dret una formaci\u00f3 de Gesti\u00f3 emocional a c\u00e0rrec de Paula Fragueiro Barros.<\/p>\n\n\n\n<p>L&#8217;objectiu de l&#8217;activitat \u00e9s con\u00e8ixer de forma pr\u00e0ctica la utilitat i import\u00e0ncia de les emocions humanes en les relacions interpersonals. A m\u00e9s, s&#8217;explicaran com potenciar i entrenar les capacitats personals a trav\u00e9s de din\u00e0miques de grup, una adequada consci\u00e8ncia i regulaci\u00f3 emocional<\/p>\n\n\n\n<p>Termini d&#8217;inscripci\u00f3: 5 de juny de 2018<\/p>\n\n\n\n<p><a href=\"http:\/\/www2.udg.edu\/tabid\/6126\/Default.aspx?ID=2182\" target=\"_blank\" rel=\"noopener noreferrer\">M\u00e9s informaci\u00f3 i inscripcions<\/a><\/p>\n","protected":false},"excerpt":{"rendered":"<p>El proper 8 de juny es realitzar\u00e0 a la Facultat de Dret una formaci\u00f3 de Gesti\u00f3 emocional a c\u00e0rrec de Paula Fragueiro Barros. L&#8217;objectiu de l&#8217;activitat \u00e9s con\u00e8ixer de forma pr\u00e0ctica la utilitat i import\u00e0ncia de les emocions humanes en les relacions interpersonals. A m\u00e9s, s&#8217;explicaran com potenciar i entrenar les capacitats personals a trav\u00e9s [&hellip;]<\/p>\n","protected":false},"author":2,"featured_media":4618,"comment_status":"open","ping_status":"open","sticky":false,"template":"","format":"standard","meta":{"footnotes":""},"categories":[20,33],"tags":[],"class_list":["post-4666","post","type-post","status-publish","format-standard","has-post-thumbnail","hentry","category-activitats","category-repassat"],"_links":{"self":[{"href":"https:\/\/iceberg.udg.edu\/index.php?rest_route=\/wp\/v2\/posts\/4666","targetHints":{"allow":["GET"]}}],"collection":[{"href":"https:\/\/iceberg.udg.edu\/index.php?rest_route=\/wp\/v2\/posts"}],"about":[{"href":"https:\/\/iceberg.udg.edu\/index.php?rest_route=\/wp\/v2\/types\/post"}],"author":[{"embeddable":true,"href":"https:\/\/iceberg.udg.edu\/index.php?rest_route=\/wp\/v2\/users\/2"}],"replies":[{"embeddable":true,"href":"https:\/\/iceberg.udg.edu\/index.php?rest_route=%2Fwp%2Fv2%2Fcomments&post=4666"}],"version-history":[{"count":1,"href":"https:\/\/iceberg.udg.edu\/index.php?rest_route=\/wp\/v2\/posts\/4666\/revisions"}],"predecessor-version":[{"id":12475,"href":"https:\/\/iceberg.udg.edu\/index.php?rest_route=\/wp\/v2\/posts\/4666\/revisions\/12475"}],"wp:featuredmedia":[{"embeddable":true,"href":"https:\/\/iceberg.udg.edu\/index.php?rest_route=\/wp\/v2\/media\/4618"}],"wp:attachment":[{"href":"https:\/\/iceberg.udg.edu\/index.php?rest_route=%2Fwp%2Fv2%2Fmedia&parent=4666"}],"wp:term":[{"taxonomy":"category","embeddable":true,"href":"https:\/\/iceberg.udg.edu\/index.php?rest_route=%2Fwp%2Fv2%2Fcategories&post=4666"},{"taxonomy":"post_tag","embeddable":true,"href":"https:\/\/iceberg.udg.edu\/index.php?rest_route=%2Fwp%2Fv2%2Ftags&post=4666"}],"curies":[{"name":"wp","href":"https:\/\/api.w.org\/{rel}","templated":true}]}}