{"id":4680,"date":"2018-05-31T12:36:43","date_gmt":"2018-05-31T10:36:43","guid":{"rendered":"https:\/\/icebergng.udg.edu\/?p=4680"},"modified":"2021-01-21T10:15:05","modified_gmt":"2021-01-21T09:15:05","slug":"examen-de-capacitacio-per-a-la-docencia-en-angles-juliol-2018-curs-per-a-pdi","status":"publish","type":"post","link":"https:\/\/iceberg.udg.edu\/?p=4680","title":{"rendered":"Examen de capacitaci\u00f3 per a la doc\u00e8ncia en angl\u00e8s. Juliol 2018"},"content":{"rendered":"\n<p>Adre\u00e7at al personal acad\u00e8mic de la UdG i de les universitats catalanes interessats a acreditar la seva capacitaci\u00f3 ling\u00fc\u00edstica per a la doc\u00e8ncia en angl\u00e8s en l\u2019\u00e0mbit universitari.<br><br>Matr\u00edcula: del 4 al 22 de juny de&nbsp;2018<\/p>\n\n\n\n<p>M\u00e0xim de places: 30. La matr\u00edcula es tancar\u00e0 aix\u00ed que hi hagi 30 persones inscrites<br>Preu de l&#8217;examen:&nbsp;75 \u20ac<\/p>\n\n\n\n<p>Sistema de pagament: ingr\u00e9s bancari, dins el per\u00edode de matr\u00edcula,&nbsp;al n\u00famero de compte que indicarem un cop feta la inscripci\u00f3. A l&#8217;ingr\u00e9s, hi heu de fer constar el vostre nom i cognoms.<\/p>\n\n\n\n<p>Si no us funcion\u00e9s l&#8217;automatr\u00edcula, cal que envieu un correu a <a href=\"mailto:matriculaidiomes@udg.edu\">matriculaidiomes@udg.edu<\/a> i el Servei us inscriur\u00e0,&nbsp;sempre que hi hagi places lliures.<\/p>\n\n\n\n<p>Prova d\u2019expressi\u00f3 escrita&nbsp;(90 minuts): divendres, 6 de juliol de 2018, d&#8217;11 a 12.30h.&nbsp;Campus Montilivi, Facultat de Ci\u00e8ncies&nbsp;Econ\u00f2miques i Empresarials, aula 37.<\/p>\n\n\n\n<p>Prova d\u2019expressi\u00f3 oral&nbsp;(35 minuts, individual):&nbsp;farem proves orals els&nbsp;dies 4, 5, 9 i 10 de juliol al Campus Montilivi, Facultat de Ci\u00e8ncies&nbsp;Econ\u00f2miques i Empresarials, aules 28 i 29;&nbsp;&nbsp;i 11 i 12 de juliol al Campus Barri Vell, Facultat de Lletres aules B1 i B2.<\/p>\n\n\n\n<p>El 25 de juny&nbsp;us enviarem un correu amb les indicacions necess\u00e0ries perqu\u00e8 us pugueu apuntar el dia i l&#8217;hora que us vagi m\u00e9s b\u00e9 per fer la prova oral.<\/p>\n\n\n\n<p>Notes: 20 de juliol<\/p>\n","protected":false},"excerpt":{"rendered":"<p>Adre\u00e7at al personal acad\u00e8mic de la UdG i de les universitats catalanes interessats a acreditar la seva capacitaci\u00f3 ling\u00fc\u00edstica per a la doc\u00e8ncia en angl\u00e8s en l\u2019\u00e0mbit universitari. Matr\u00edcula: del 4 al 22 de juny de&nbsp;2018 M\u00e0xim de places: 30. La matr\u00edcula es tancar\u00e0 aix\u00ed que hi hagi 30 persones inscritesPreu de l&#8217;examen:&nbsp;75 \u20ac Sistema [&hellip;]<\/p>\n","protected":false},"author":2,"featured_media":3766,"comment_status":"open","ping_status":"open","sticky":false,"template":"","format":"standard","meta":{"footnotes":""},"categories":[23,33],"tags":[],"class_list":["post-4680","post","type-post","status-publish","format-standard","has-post-thumbnail","hentry","category-noticies","category-repassat"],"_links":{"self":[{"href":"https:\/\/iceberg.udg.edu\/index.php?rest_route=\/wp\/v2\/posts\/4680","targetHints":{"allow":["GET"]}}],"collection":[{"href":"https:\/\/iceberg.udg.edu\/index.php?rest_route=\/wp\/v2\/posts"}],"about":[{"href":"https:\/\/iceberg.udg.edu\/index.php?rest_route=\/wp\/v2\/types\/post"}],"author":[{"embeddable":true,"href":"https:\/\/iceberg.udg.edu\/index.php?rest_route=\/wp\/v2\/users\/2"}],"replies":[{"embeddable":true,"href":"https:\/\/iceberg.udg.edu\/index.php?rest_route=%2Fwp%2Fv2%2Fcomments&post=4680"}],"version-history":[{"count":1,"href":"https:\/\/iceberg.udg.edu\/index.php?rest_route=\/wp\/v2\/posts\/4680\/revisions"}],"predecessor-version":[{"id":12480,"href":"https:\/\/iceberg.udg.edu\/index.php?rest_route=\/wp\/v2\/posts\/4680\/revisions\/12480"}],"wp:featuredmedia":[{"embeddable":true,"href":"https:\/\/iceberg.udg.edu\/index.php?rest_route=\/wp\/v2\/media\/3766"}],"wp:attachment":[{"href":"https:\/\/iceberg.udg.edu\/index.php?rest_route=%2Fwp%2Fv2%2Fmedia&parent=4680"}],"wp:term":[{"taxonomy":"category","embeddable":true,"href":"https:\/\/iceberg.udg.edu\/index.php?rest_route=%2Fwp%2Fv2%2Fcategories&post=4680"},{"taxonomy":"post_tag","embeddable":true,"href":"https:\/\/iceberg.udg.edu\/index.php?rest_route=%2Fwp%2Fv2%2Ftags&post=4680"}],"curies":[{"name":"wp","href":"https:\/\/api.w.org\/{rel}","templated":true}]}}