{"id":4716,"date":"2018-06-15T14:32:51","date_gmt":"2018-06-15T12:32:51","guid":{"rendered":"https:\/\/icebergng.udg.edu\/?p=4716"},"modified":"2021-01-21T10:21:53","modified_gmt":"2021-01-21T09:21:53","slug":"iceberg-day-amb-cristobal-cobo-27-de-juny-de-2018","status":"publish","type":"post","link":"https:\/\/iceberg.udg.edu\/?p=4716","title":{"rendered":"Darrers  dies  d&#8217;inscripci\u00f3  a l&#8217;ICEberg  Day amb Crist\u00f3bal Cobo"},"content":{"rendered":"\n<p><a href=\"https:\/\/iceberg.udg.edu\/?page_id=11359\" target=\"_blank\" rel=\"noopener noreferrer\"><strong>&#8220;Re-pensar el aprendizaje en la era de la hiper-complejidad y el positivismo digital&#8221;<\/strong><\/a><\/p>\n\n\n\n<h2 class=\"has-text-align-center wp-block-heading\">&nbsp;<\/h2>\n\n\n\n<p class=\"has-text-align-center\">27 de juny del 2017&nbsp;<\/p>\n\n\n\n<div class=\"wp-block-image\"><figure class=\"aligncenter\"><img loading=\"lazy\" decoding=\"async\" width=\"286\" height=\"300\" src=\"https:\/\/iceberg.udg.edu\/wp-content\/uploads\/2018\/05\/COBO2-min-286x300.png\" alt=\"\" class=\"wp-image-4603\" srcset=\"https:\/\/iceberg.udg.edu\/wp-content\/uploads\/2018\/05\/COBO2-min-286x300.png 286w, https:\/\/iceberg.udg.edu\/wp-content\/uploads\/2018\/05\/COBO2-min-977x1024.png 977w, https:\/\/iceberg.udg.edu\/wp-content\/uploads\/2018\/05\/COBO2-min-768x805.png 768w, https:\/\/iceberg.udg.edu\/wp-content\/uploads\/2018\/05\/COBO2-min-1466x1536.png 1466w, https:\/\/iceberg.udg.edu\/wp-content\/uploads\/2018\/05\/COBO2-min-1954x2048.png 1954w, https:\/\/iceberg.udg.edu\/wp-content\/uploads\/2018\/05\/COBO2-min-1320x1383.png 1320w\" sizes=\"auto, (max-width: 286px) 100vw, 286px\" \/><\/figure><\/div>\n\n\n\n<h2 class=\"has-text-align-center wp-block-heading\"><strong><a href=\"https:\/\/iceberg.udg.edu\/?page_id=11359\">Crist\u00f3bal Cobo<\/a><\/strong><\/h2>\n\n\n\n<p>L\u2019expert en noves tecnologies educatives,&nbsp;<strong>Crist\u00f3bal Cobo,<\/strong>&nbsp;compartir\u00e0, en la segona sessi\u00f3 ICEberg Day de l&#8217;ICE, les seves idees i reflexions sobre com ens haur\u00edem de replantejar l\u2019aprenentatge avui dia, com podem repensar les formes d\u2019aprendre en l\u2019era digital i com caldria entendre l\u2019aprenentatge ara i aqu\u00ed.<\/p>\n\n\n\n<p>Aquestes i altres q\u00fcestions sobre el present i futur de l\u2019aprenentatge centraran la seva intervenci\u00f3, que tindr\u00e0 lloc al Parc Cient\u00edfic i Tecnol\u00f2gic de la Universitat de Girona.&nbsp;<\/p>\n\n\n\n<p><a href=\"https:\/\/iceberg.udg.edu\/?page_id=11359\">M\u00e9s informaci\u00f3 sobre la sessi\u00f3<\/a>.<\/p>\n\n\n\n<p>La inscripci\u00f3 \u00e9s gratu\u00efta per\u00f2 cal inscriure&#8217;s a trav\u00e9s dels formularis disponibles a la <a href=\"https:\/\/iceberg.udg.edu\/?page_id=11359\">web de l&#8217;ICEberg.<\/a><\/p>\n","protected":false},"excerpt":{"rendered":"<p>&#8220;Re-pensar el aprendizaje en la era de la hiper-complejidad y el positivismo digital&#8221; &nbsp; 27 de juny del 2017&nbsp; Crist\u00f3bal Cobo L\u2019expert en noves tecnologies educatives,&nbsp;Crist\u00f3bal Cobo,&nbsp;compartir\u00e0, en la segona sessi\u00f3 ICEberg Day de l&#8217;ICE, les seves idees i reflexions sobre com ens haur\u00edem de replantejar l\u2019aprenentatge avui dia, com podem repensar les formes d\u2019aprendre [&hellip;]<\/p>\n","protected":false},"author":2,"featured_media":4606,"comment_status":"open","ping_status":"open","sticky":false,"template":"","format":"standard","meta":{"footnotes":""},"categories":[23,33],"tags":[],"class_list":["post-4716","post","type-post","status-publish","format-standard","has-post-thumbnail","hentry","category-noticies","category-repassat"],"_links":{"self":[{"href":"https:\/\/iceberg.udg.edu\/index.php?rest_route=\/wp\/v2\/posts\/4716","targetHints":{"allow":["GET"]}}],"collection":[{"href":"https:\/\/iceberg.udg.edu\/index.php?rest_route=\/wp\/v2\/posts"}],"about":[{"href":"https:\/\/iceberg.udg.edu\/index.php?rest_route=\/wp\/v2\/types\/post"}],"author":[{"embeddable":true,"href":"https:\/\/iceberg.udg.edu\/index.php?rest_route=\/wp\/v2\/users\/2"}],"replies":[{"embeddable":true,"href":"https:\/\/iceberg.udg.edu\/index.php?rest_route=%2Fwp%2Fv2%2Fcomments&post=4716"}],"version-history":[{"count":5,"href":"https:\/\/iceberg.udg.edu\/index.php?rest_route=\/wp\/v2\/posts\/4716\/revisions"}],"predecessor-version":[{"id":12485,"href":"https:\/\/iceberg.udg.edu\/index.php?rest_route=\/wp\/v2\/posts\/4716\/revisions\/12485"}],"wp:featuredmedia":[{"embeddable":true,"href":"https:\/\/iceberg.udg.edu\/index.php?rest_route=\/wp\/v2\/media\/4606"}],"wp:attachment":[{"href":"https:\/\/iceberg.udg.edu\/index.php?rest_route=%2Fwp%2Fv2%2Fmedia&parent=4716"}],"wp:term":[{"taxonomy":"category","embeddable":true,"href":"https:\/\/iceberg.udg.edu\/index.php?rest_route=%2Fwp%2Fv2%2Fcategories&post=4716"},{"taxonomy":"post_tag","embeddable":true,"href":"https:\/\/iceberg.udg.edu\/index.php?rest_route=%2Fwp%2Fv2%2Ftags&post=4716"}],"curies":[{"name":"wp","href":"https:\/\/api.w.org\/{rel}","templated":true}]}}