{"id":4860,"date":"2018-07-17T11:23:33","date_gmt":"2018-07-17T09:23:33","guid":{"rendered":"https:\/\/icebergng.udg.edu\/?p=4860"},"modified":"2021-01-21T10:30:04","modified_gmt":"2021-01-21T09:30:04","slug":"4860-2","status":"publish","type":"post","link":"https:\/\/iceberg.udg.edu\/?p=4860","title":{"rendered":"\u00c8xit de participaci\u00f3 en el X CIDUI"},"content":{"rendered":"\n<p>Els dies 4, 5 i 6 de juliol de 2018 s&#8217;ha celebrat al Palau de Congressos de Girona la desena edici\u00f3 del Congr\u00e9s&nbsp;Internacional de Doc\u00e8ncia Universit\u00e0ria i Innovaci\u00f3. En aquesta ocasi\u00f3 la Universitat de Girona n&#8217;ha estat la seu.&nbsp;<\/p>\n\n\n\n<p>Hi han participat m\u00e9s de&nbsp;550 docents, t\u00e8cnics i especialistes de l&#8217;\u00e0mbit universitari.&nbsp;<\/p>\n\n\n\n<p>La majoria dels participants s\u00f3n de Catalunya i l\u2019Estat Espanyol, per\u00f2 tamb\u00e9 hi ha hagut representaci\u00f3 de pa\u00efsos tan diversos com Andorra, Argentina, Austr\u00e0lia, Brasil, Col\u00f2mbia, Costa Rica, Equador, Egipte, It\u00e0lia, M\u00e8xic, Noruega, Per\u00fa, Rep\u00fablica Dominica, Romania, Sud \u00c0frica, Turquia, Xile.<\/p>\n\n\n\n<p>Aquesta edici\u00f3 ha portat per t\u00edtol \u201c<strong>Espais d\u2019aprenentatge: agents de canvi a la universitat<\/strong>\u201d. Els diferents projectes i experi\u00e8ncies presentades s&#8217;han organizat en funci\u00f3 dels 4 \u00e0mbits de treball seg\u00fcents:&nbsp;<\/p>\n\n\n\n<ul class=\"wp-block-list\"><li>Espais f\u00edsics d\u2019aprenentatge<\/li><li>Espais virtuals d\u2019aprenentatge<\/li><li>Relaci\u00f3 universitat-societat<\/li><li>Desenvolupament professional<\/li><\/ul>\n\n\n\n<div class=\"wp-block-image\"><figure class=\"aligncenter\"><img loading=\"lazy\" decoding=\"async\" width=\"640\" height=\"428\" src=\"https:\/\/iceberg.udg.edu\/wp-content\/uploads\/2018\/07\/43311130552_7beee62e07_z-1.jpg\" alt=\"\" class=\"wp-image-4865\" srcset=\"https:\/\/iceberg.udg.edu\/wp-content\/uploads\/2018\/07\/43311130552_7beee62e07_z-1.jpg 640w, https:\/\/iceberg.udg.edu\/wp-content\/uploads\/2018\/07\/43311130552_7beee62e07_z-1-300x200.jpg 300w\" sizes=\"auto, (max-width: 640px) 100vw, 640px\" \/><\/figure><\/div>\n\n\n\n<p>El Congr\u00e9s ha estat inaugurat pel&nbsp;<strong>Sr. Quim Salvi<\/strong>&nbsp;(Rector Universitat de Girona), el&nbsp;<strong>Sr. Arcadi Navarro<\/strong>&nbsp;(Secretari d\u2019Universitats i Recerca de la Generalitat de Catalunya), el&nbsp;<strong>Sr. Josep A. Planell&nbsp;<\/strong>(Presidente Associaci\u00f3 Catalana d\u2019Universitats P\u00fabliques i Rector Universitat Oberta de Catalunya) y la&nbsp;<strong>Sra. Bego\u00f1a Gros<\/strong>&nbsp;(Comit\u00e8 organitzador CIDUI)<\/p>\n\n\n\n<p>Les activitats realitzades al llarg dels tres dies de Congr\u00e9s han estat:<\/p>\n\n\n\n<p><strong>Sessions Plen\u00e0ries<\/strong><\/p>\n\n\n\n<ul class=\"wp-block-list\"><li>Confer\u00e8ncia \u201cWorking from the outside in: changing spaces to change actions\u201d, Dra. Laura Winer (McGill University).<\/li><li>Confer\u00e8ncia \u201cSmart Campus @ Smart City. Espacios para el Aprendizaje en la Era Digital\u201d, Sr. Ignacio Alcalde (Fundaci\u00f3n Metr\u00f3poli).<\/li><li>Taula Rodona \u201cLa configuraci\u00f3 de nous espais per l\u2019aprenentatge: els espais a la universitat del futur\u201d amb Sr. Josep Torn (European University), Sr. Jordi Franquesa (Universitat Polit\u00e8cnica de Catalunya) i Sr. \u00d2scar Guayabero (moderador).<\/li><\/ul>\n\n\n\n<div class=\"wp-block-image\"><figure class=\"aligncenter\"><img loading=\"lazy\" decoding=\"async\" width=\"640\" height=\"428\" src=\"https:\/\/iceberg.udg.edu\/wp-content\/uploads\/2018\/07\/29489259848_55b8717de8_z.jpg\" alt=\"\" class=\"wp-image-4869\" srcset=\"https:\/\/iceberg.udg.edu\/wp-content\/uploads\/2018\/07\/29489259848_55b8717de8_z.jpg 640w, https:\/\/iceberg.udg.edu\/wp-content\/uploads\/2018\/07\/29489259848_55b8717de8_z-300x200.jpg 300w\" sizes=\"auto, (max-width: 640px) 100vw, 640px\" \/><\/figure><\/div>\n\n\n\n<p><strong>Sessions Taller<\/strong><\/p>\n\n\n\n<ul class=\"wp-block-list\"><li>Geoscape classroom. Terra s\u00edsmica<\/li><li>Ensenyament i responsabilitat en la recerca: el cas del projecte HEIRRI<\/li><li>Passeig literari per la Girona medieval<\/li><li>Passeig per l&#8217;invisible. Itinerari qu\u00edmic per la ciutat de Girona<\/li><li>Misteris de la matem\u00e0gia de la ci\u00e8ncia<\/li><li>Regreso al futuro IV: m\u00e1s all\u00e1 de los espacios educatives<\/li><\/ul>\n\n\n\n<p><strong>Sessions Monogr\u00e0fiques<\/strong><\/p>\n\n\n\n<ul class=\"wp-block-list\"><li>Transformaci\u00f3 dels espais d\u2019aprenentatge<\/li><li>Efectes de la gamificaci\u00f3 en la formaci\u00f3<\/li><li>Compet\u00e8ncies i desenvolupament professional<\/li><li>Generant ponts entre la universitat i el m\u00f3n laboral<\/li><li>ApS: aprenentatge significatiu i responsabilitat social<\/li><li>Espais h\u00edbrids: virtual i presencial<\/li><li>La vinculaci\u00f3 entre la universitat i les necessitats socials del seu entorn<\/li><li>Iniciatives de transici\u00f3 als estudis universitaris<\/li><li>Digitalitzaci\u00f3 dels processos d\u2019aprenentatge<\/li><\/ul>\n\n\n\n<div class=\"wp-block-image\"><figure class=\"aligncenter\"><img loading=\"lazy\" decoding=\"async\" width=\"640\" height=\"428\" src=\"https:\/\/iceberg.udg.edu\/wp-content\/uploads\/2018\/07\/28490356407_9a9a347fe7_z.jpg\" alt=\"\" class=\"wp-image-4870\" srcset=\"https:\/\/iceberg.udg.edu\/wp-content\/uploads\/2018\/07\/28490356407_9a9a347fe7_z.jpg 640w, https:\/\/iceberg.udg.edu\/wp-content\/uploads\/2018\/07\/28490356407_9a9a347fe7_z-300x200.jpg 300w\" sizes=\"auto, (max-width: 640px) 100vw, 640px\" \/><\/figure><\/div>\n\n\n\n<p><strong>Sessions Orals<\/strong>,&nbsp;amb&nbsp;5 sessions de presentaci\u00f3 de comunicacions<\/p>\n\n\n\n<p><strong>Sessions P\u00f2ster<\/strong>,&nbsp;amb&nbsp;3 sessions de presentaci\u00f3 de comunicacions&nbsp;<\/p>\n\n\n\n<div class=\"wp-block-image\"><figure class=\"aligncenter\"><img loading=\"lazy\" decoding=\"async\" width=\"640\" height=\"428\" src=\"https:\/\/iceberg.udg.edu\/wp-content\/uploads\/2018\/07\/41550587990_78723b0d36_z.jpg\" alt=\"\" class=\"wp-image-4868\" srcset=\"https:\/\/iceberg.udg.edu\/wp-content\/uploads\/2018\/07\/41550587990_78723b0d36_z.jpg 640w, https:\/\/iceberg.udg.edu\/wp-content\/uploads\/2018\/07\/41550587990_78723b0d36_z-300x200.jpg 300w\" sizes=\"auto, (max-width: 640px) 100vw, 640px\" \/><\/figure><\/div>\n\n\n\n<p><strong><\/strong><\/p>\n\n\n\n<p><strong>Simposis i xarxes<\/strong><\/p>\n\n\n\n<ul class=\"wp-block-list\"><li>Jornada de la Xarxa ApS (U) Catalunya<\/li><li>Simposi UNIVEST \u201cEngagement a la universitat: un repte de present i futur\u201d<\/li><li>Simposi CODUR<\/li><li>Reuni\u00f3 RED-U<\/li><\/ul>\n\n\n\n<p>Tant des de l&#8217;organitzaci\u00f3 com per part dels participants assistents, la valoraci\u00f3 sobre el contingut i el desenvolupament d&#8217;aquesta desena edici\u00f3 ha estat excel\u00b7lent.<\/p>\n\n\n\n<p><a href=\"https:\/\/www.cidui.org\/es\/congresos-cidui\/x-congreso-cidui-2018\/\" target=\"_blank\" rel=\"noopener noreferrer\">M\u00e9s informaci\u00f3 sobre el programa d&#8217;activitats i els ponents&nbsp;<\/a><\/p>\n\n\n\n<p><a href=\"https:\/\/www.flickr.com\/photos\/150276493@N07\/sets\/72157669050066027\/\" target=\"_blank\" rel=\"noopener noreferrer\">Veure recull fotogr\u00e0fic<\/a><\/p>\n","protected":false},"excerpt":{"rendered":"<p>Els dies 4, 5 i 6 de juliol de 2018 s&#8217;ha celebrat al Palau de Congressos de Girona la desena edici\u00f3 del Congr\u00e9s&nbsp;Internacional de Doc\u00e8ncia Universit\u00e0ria i Innovaci\u00f3. En aquesta ocasi\u00f3 la Universitat de Girona n&#8217;ha estat la seu.&nbsp; Hi han participat m\u00e9s de&nbsp;550 docents, t\u00e8cnics i especialistes de l&#8217;\u00e0mbit universitari.&nbsp; La majoria dels participants [&hellip;]<\/p>\n","protected":false},"author":2,"featured_media":3754,"comment_status":"open","ping_status":"open","sticky":false,"template":"","format":"standard","meta":{"footnotes":""},"categories":[23,33],"tags":[],"class_list":["post-4860","post","type-post","status-publish","format-standard","has-post-thumbnail","hentry","category-noticies","category-repassat"],"_links":{"self":[{"href":"https:\/\/iceberg.udg.edu\/index.php?rest_route=\/wp\/v2\/posts\/4860","targetHints":{"allow":["GET"]}}],"collection":[{"href":"https:\/\/iceberg.udg.edu\/index.php?rest_route=\/wp\/v2\/posts"}],"about":[{"href":"https:\/\/iceberg.udg.edu\/index.php?rest_route=\/wp\/v2\/types\/post"}],"author":[{"embeddable":true,"href":"https:\/\/iceberg.udg.edu\/index.php?rest_route=\/wp\/v2\/users\/2"}],"replies":[{"embeddable":true,"href":"https:\/\/iceberg.udg.edu\/index.php?rest_route=%2Fwp%2Fv2%2Fcomments&post=4860"}],"version-history":[{"count":2,"href":"https:\/\/iceberg.udg.edu\/index.php?rest_route=\/wp\/v2\/posts\/4860\/revisions"}],"predecessor-version":[{"id":12491,"href":"https:\/\/iceberg.udg.edu\/index.php?rest_route=\/wp\/v2\/posts\/4860\/revisions\/12491"}],"wp:featuredmedia":[{"embeddable":true,"href":"https:\/\/iceberg.udg.edu\/index.php?rest_route=\/wp\/v2\/media\/3754"}],"wp:attachment":[{"href":"https:\/\/iceberg.udg.edu\/index.php?rest_route=%2Fwp%2Fv2%2Fmedia&parent=4860"}],"wp:term":[{"taxonomy":"category","embeddable":true,"href":"https:\/\/iceberg.udg.edu\/index.php?rest_route=%2Fwp%2Fv2%2Fcategories&post=4860"},{"taxonomy":"post_tag","embeddable":true,"href":"https:\/\/iceberg.udg.edu\/index.php?rest_route=%2Fwp%2Fv2%2Ftags&post=4860"}],"curies":[{"name":"wp","href":"https:\/\/api.w.org\/{rel}","templated":true}]}}