{"id":5022,"date":"2018-09-17T14:14:13","date_gmt":"2018-09-17T12:14:13","guid":{"rendered":"https:\/\/icebergng.udg.edu\/?p=5022"},"modified":"2021-01-21T11:33:20","modified_gmt":"2021-01-21T10:33:20","slug":"comunication-paper-no14","status":"publish","type":"post","link":"https:\/\/iceberg.udg.edu\/?p=5022","title":{"rendered":"Communication Papers &#8211; N\u00ba14"},"content":{"rendered":"\n<p><a href=\"https:\/\/www.communicationpapers.com\/post\/2018\/07\/25\/nuevo-n-c3-bamero-de-communication-papers-comunicaci-c3-b3n-educaci-c3-b3n-y-aprendizaje\" target=\"_blank\" rel=\"noopener noreferrer\">Communication Papers<\/a> \u00e9s una revista cient\u00edfica de recerca que va n\u00e9ixer per iniciativa del grup de recerca ARPA de la Universitat de Girona. El seu objectiu principal \u00e9s el de recollir articles de l&#8217;\u00e0mbit del periodisme, de la comunicaci\u00f3 audiovisual i de la publicitat, posant especial \u00e8mfasi en temes que aprofundeixen en el tractament de g\u00e8nere i en l&#8217;alfabetitzaci\u00f3 en mitjans. El seu equip editorial est\u00e0 format per la Dra. Carme Echazarreta i per la professora N\u00faria Puig, ambdues de la UdG.<\/p>\n\n\n\n<p>El n\u00famero 14 d&#8217;aquesta revista est\u00e0 centrat en la comunicaci\u00f3, l&#8217;educaci\u00f3 i l&#8217;aprenentatge i pret\u00e9n aproximar-se a les experi\u00e8ncies d&#8217;educaci\u00f3 i comunicaci\u00f3, un espai de reflexi\u00f3 i difusi\u00f3 d&#8217;experi\u00e8ncies educatives. Per aix\u00f2, es va demanar a l&#8217;ICE que fes la coordinaci\u00f3 dels seus continguts. El resultat final \u00e9s un interessant recull de propostes format per&nbsp;vuit articles cient\u00edfics, tres assajos, un article de divulgaci\u00f3, dos articles de&nbsp;miscel\u00b7l\u00e0nia i una revisi\u00f3 de bibliografia.<\/p>\n\n\n\n<p><a href=\"https:\/\/www.communicationpapers.com\/post\/2018\/07\/25\/nuevo-n-c3-bamero-de-communication-papers-comunicaci-c3-b3n-educaci-c3-b3n-y-aprendizaje\">Accedir directament al contingut d&#8217;aquest n\u00famero<\/a><\/p>\n","protected":false},"excerpt":{"rendered":"<p>Communication Papers \u00e9s una revista cient\u00edfica de recerca que va n\u00e9ixer per iniciativa del grup de recerca ARPA de la Universitat de Girona. El seu objectiu principal \u00e9s el de recollir articles de l&#8217;\u00e0mbit del periodisme, de la comunicaci\u00f3 audiovisual i de la publicitat, posant especial \u00e8mfasi en temes que aprofundeixen en el tractament de [&hellip;]<\/p>\n","protected":false},"author":2,"featured_media":5027,"comment_status":"open","ping_status":"open","sticky":false,"template":"","format":"standard","meta":{"footnotes":""},"categories":[23,33],"tags":[],"class_list":["post-5022","post","type-post","status-publish","format-standard","has-post-thumbnail","hentry","category-noticies","category-repassat"],"_links":{"self":[{"href":"https:\/\/iceberg.udg.edu\/index.php?rest_route=\/wp\/v2\/posts\/5022","targetHints":{"allow":["GET"]}}],"collection":[{"href":"https:\/\/iceberg.udg.edu\/index.php?rest_route=\/wp\/v2\/posts"}],"about":[{"href":"https:\/\/iceberg.udg.edu\/index.php?rest_route=\/wp\/v2\/types\/post"}],"author":[{"embeddable":true,"href":"https:\/\/iceberg.udg.edu\/index.php?rest_route=\/wp\/v2\/users\/2"}],"replies":[{"embeddable":true,"href":"https:\/\/iceberg.udg.edu\/index.php?rest_route=%2Fwp%2Fv2%2Fcomments&post=5022"}],"version-history":[{"count":1,"href":"https:\/\/iceberg.udg.edu\/index.php?rest_route=\/wp\/v2\/posts\/5022\/revisions"}],"predecessor-version":[{"id":12518,"href":"https:\/\/iceberg.udg.edu\/index.php?rest_route=\/wp\/v2\/posts\/5022\/revisions\/12518"}],"wp:featuredmedia":[{"embeddable":true,"href":"https:\/\/iceberg.udg.edu\/index.php?rest_route=\/wp\/v2\/media\/5027"}],"wp:attachment":[{"href":"https:\/\/iceberg.udg.edu\/index.php?rest_route=%2Fwp%2Fv2%2Fmedia&parent=5022"}],"wp:term":[{"taxonomy":"category","embeddable":true,"href":"https:\/\/iceberg.udg.edu\/index.php?rest_route=%2Fwp%2Fv2%2Fcategories&post=5022"},{"taxonomy":"post_tag","embeddable":true,"href":"https:\/\/iceberg.udg.edu\/index.php?rest_route=%2Fwp%2Fv2%2Ftags&post=5022"}],"curies":[{"name":"wp","href":"https:\/\/api.w.org\/{rel}","templated":true}]}}