{"id":5174,"date":"2018-10-31T08:44:24","date_gmt":"2018-10-31T07:44:24","guid":{"rendered":"https:\/\/icebergng.udg.edu\/?p=5174"},"modified":"2022-05-10T12:54:24","modified_gmt":"2022-05-10T10:54:24","slug":"dialegs-udg-dialeg-entre-cristobal-cobo-i-jose-a-donaire-universitat-de-girona","status":"publish","type":"post","link":"https:\/\/iceberg.udg.edu\/?p=5174","title":{"rendered":"Com tenir una visi\u00f3 cr\u00edtica de la tecnologia? Primera conversa amb Crist\u00f3bal Cobo"},"content":{"rendered":"\n<p>Di\u00e0leg en el marc del projecte ICEberg UdG de l&#8217;Institut de Ci\u00e8ncies de l&#8217;Educaci\u00f3 Josep Pallach de la Universitat de Girona.<\/p>\n\n\n\n<p>En aquesta primer di\u00e0leg, Crist\u00f3bal Cobo, director de la Fundaci\u00f3n CEIBAL i Jos\u00e9 A. Donaire, Vicerector de Comunicaci\u00f3 i Relacions Exteriors de la Universitat de Girona, conversen sobre tecnologia, educaci\u00f3, aprenentatge invisible, universitat&#8230;.i la necessitat de promoure una visi\u00f3 i un entusiasme cr\u00edtic de la tecnologia per tal de posar les persones al centre del proc\u00e9s.<\/p>\n\n\n\n<figure class=\"wp-block-embed is-type-video is-provider-youtube wp-block-embed-youtube wp-embed-aspect-16-9 wp-has-aspect-ratio\"><div class=\"wp-block-embed__wrapper\">\n<iframe loading=\"lazy\" title=\"&quot;Com tenir una visi\u00f3 cr\u00edtica de la tecnologia&quot; Di\u00e0leg UdG amb Crist\u00f3bal Cobo i Jos\u00e9 A. Donaire\" width=\"1200\" height=\"675\" src=\"https:\/\/www.youtube-nocookie.com\/embed\/RrMlt3G3cMg?feature=oembed\" frameborder=\"0\" allow=\"accelerometer; autoplay; clipboard-write; encrypted-media; gyroscope; picture-in-picture\" allowfullscreen><\/iframe>\n<\/div><\/figure>\n\n\n\n<p>Com diu Crist\u00f3bal Cobo en un moment de la trobada, &#8220;una de las bellezas de la tecnolog\u00eda es que vuelve a plantearnos las viejas discusiones sobre qu\u00e9 es lo m\u00e1s importante en el proceso de aprendizaje&#8221;.<\/p>\n","protected":false},"excerpt":{"rendered":"<p>\t\t\t\tEn aquest di\u00e0leg, realitzat en el marc del projecte ICEberg UdG, Crist\u00f3bal Cobo, director de la Fundaci\u00f3n CEIBAL i Jos\u00e9 A. Donaire, Vicerector de la Universitat de Girona, conversen sobre tecnologia, educaci\u00f3, aprenentatge invisible&#8230; i la necessitat de promoure un entusiasme cr\u00edtic de la tecnologia per tal de posar les persones al centre del proc\u00e9s.\t\t<\/p>\n","protected":false},"author":2,"featured_media":5016,"comment_status":"open","ping_status":"open","sticky":false,"template":"","format":"standard","meta":{"footnotes":""},"categories":[28,23,33],"tags":[],"class_list":["post-5174","post","type-post","status-publish","format-standard","has-post-thumbnail","hentry","category-converses","category-noticies","category-repassat"],"_links":{"self":[{"href":"https:\/\/iceberg.udg.edu\/index.php?rest_route=\/wp\/v2\/posts\/5174","targetHints":{"allow":["GET"]}}],"collection":[{"href":"https:\/\/iceberg.udg.edu\/index.php?rest_route=\/wp\/v2\/posts"}],"about":[{"href":"https:\/\/iceberg.udg.edu\/index.php?rest_route=\/wp\/v2\/types\/post"}],"author":[{"embeddable":true,"href":"https:\/\/iceberg.udg.edu\/index.php?rest_route=\/wp\/v2\/users\/2"}],"replies":[{"embeddable":true,"href":"https:\/\/iceberg.udg.edu\/index.php?rest_route=%2Fwp%2Fv2%2Fcomments&post=5174"}],"version-history":[{"count":2,"href":"https:\/\/iceberg.udg.edu\/index.php?rest_route=\/wp\/v2\/posts\/5174\/revisions"}],"predecessor-version":[{"id":14624,"href":"https:\/\/iceberg.udg.edu\/index.php?rest_route=\/wp\/v2\/posts\/5174\/revisions\/14624"}],"wp:featuredmedia":[{"embeddable":true,"href":"https:\/\/iceberg.udg.edu\/index.php?rest_route=\/wp\/v2\/media\/5016"}],"wp:attachment":[{"href":"https:\/\/iceberg.udg.edu\/index.php?rest_route=%2Fwp%2Fv2%2Fmedia&parent=5174"}],"wp:term":[{"taxonomy":"category","embeddable":true,"href":"https:\/\/iceberg.udg.edu\/index.php?rest_route=%2Fwp%2Fv2%2Fcategories&post=5174"},{"taxonomy":"post_tag","embeddable":true,"href":"https:\/\/iceberg.udg.edu\/index.php?rest_route=%2Fwp%2Fv2%2Ftags&post=5174"}],"curies":[{"name":"wp","href":"https:\/\/api.w.org\/{rel}","templated":true}]}}