{"id":5836,"date":"2019-02-04T13:42:34","date_gmt":"2019-02-04T12:42:34","guid":{"rendered":"https:\/\/icebergng.udg.edu\/?p=5836"},"modified":"2021-01-20T14:04:52","modified_gmt":"2021-01-20T13:04:52","slug":"noves-xarxes-innovacio-docent-curs-2018-2019","status":"publish","type":"post","link":"https:\/\/iceberg.udg.edu\/?p=5836","title":{"rendered":"Noves Xarxes Innovaci\u00f3 Docent curs 2018-2019"},"content":{"rendered":"\n<p>En la darrera enquesta de detecci\u00f3 de necessitats del PDI, es va posar de manifest l\u2019inter\u00e8s perqu\u00e8 es constitu\u00efssin a la UdG dues noves Xarxes d\u2019Innovaci\u00f3 Docent sobre la metodologia de la&nbsp;<strong>classe inversa<\/strong>, d\u2019una banda, i sobre temes de&nbsp;<strong>sostenibilitat i ODS (Objectius de Desenvolupament Sostenible)<\/strong>, de l\u2019altra. <\/p>\n\n\n\n<p>Per aix\u00f2,  des de l\u2019ICE Josep Pallach, es va proposar a les persones que hi estiguessin interessades, d&#8217;assistir a les reunions que es van organitzar per plantejar la seva constituci\u00f3. <\/p>\n\n\n\n<p>El 29 de gener es va realitzar la reuni\u00f3 de constituci\u00f3 de la Xarxa d&#8217;Innovaci\u00f3 Docent sobre Classe Inversa. I el dia 1 de febrer, la de la Xarxa d&#8217;Innovaci\u00f3 Docent sobre els ODS en la doc\u00e8ncia. <\/p>\n\n\n\n<p>En ambd\u00f2s casos, es va confirmar la seva constituci\u00f3 i es va acordar una  nova reuni\u00f3 per tal de definir-ne els objectius i comen\u00e7ar a planificar el pla de treball de cada xarxa. <\/p>\n\n\n\n<p>Properament, es publicar\u00e0 informaci\u00f3 sobre aquestes noves Xarxes a la web de l&#8217;ICE.<\/p>\n\n\n\n<p><a rel=\"noreferrer noopener\" href=\"http:\/\/www2.udg.edu\/ice\/Doc%C3%A8nciaUniversit%C3%A0ria\/XarxesdInnovaci%C3%B3Docent\/tabid\/24347\/language\/ca-ES\/Default.aspx\" target=\"_blank\">Veure informaci\u00f3 sobre les XID actuals<\/a><\/p>\n","protected":false},"excerpt":{"rendered":"<p>\t\t\t\tEn la darrera enquesta de detecci\u00f3 de necessitats del PDI, es va posar de manifest l\u2019inter\u00e8s perqu\u00e8 es constitu\u00efssin a la UdG dues noves Xarxes d\u2019Innovaci\u00f3 Docent sobre la metodologia de la classe inversa, d\u2019una banda, i sobre temes de sostenibilitat i ODS (Objectius de Desenvolupament Sostenible) en la doc\u00e8ncia, de l\u2019altra.<br \/>\nPer aix\u00f2,  des de l\u2019ICE Josep Pallach, es va proposar a les persones que hi estiguessin interessades, d&#8217;assistir a les reunions que es van organitzar per plantejar la seva constituci\u00f3.\t\t<\/p>\n","protected":false},"author":2,"featured_media":3763,"comment_status":"open","ping_status":"open","sticky":false,"template":"","format":"standard","meta":{"footnotes":""},"categories":[23,33],"tags":[],"class_list":["post-5836","post","type-post","status-publish","format-standard","has-post-thumbnail","hentry","category-noticies","category-repassat"],"_links":{"self":[{"href":"https:\/\/iceberg.udg.edu\/index.php?rest_route=\/wp\/v2\/posts\/5836","targetHints":{"allow":["GET"]}}],"collection":[{"href":"https:\/\/iceberg.udg.edu\/index.php?rest_route=\/wp\/v2\/posts"}],"about":[{"href":"https:\/\/iceberg.udg.edu\/index.php?rest_route=\/wp\/v2\/types\/post"}],"author":[{"embeddable":true,"href":"https:\/\/iceberg.udg.edu\/index.php?rest_route=\/wp\/v2\/users\/2"}],"replies":[{"embeddable":true,"href":"https:\/\/iceberg.udg.edu\/index.php?rest_route=%2Fwp%2Fv2%2Fcomments&post=5836"}],"version-history":[{"count":1,"href":"https:\/\/iceberg.udg.edu\/index.php?rest_route=\/wp\/v2\/posts\/5836\/revisions"}],"predecessor-version":[{"id":12387,"href":"https:\/\/iceberg.udg.edu\/index.php?rest_route=\/wp\/v2\/posts\/5836\/revisions\/12387"}],"wp:featuredmedia":[{"embeddable":true,"href":"https:\/\/iceberg.udg.edu\/index.php?rest_route=\/wp\/v2\/media\/3763"}],"wp:attachment":[{"href":"https:\/\/iceberg.udg.edu\/index.php?rest_route=%2Fwp%2Fv2%2Fmedia&parent=5836"}],"wp:term":[{"taxonomy":"category","embeddable":true,"href":"https:\/\/iceberg.udg.edu\/index.php?rest_route=%2Fwp%2Fv2%2Fcategories&post=5836"},{"taxonomy":"post_tag","embeddable":true,"href":"https:\/\/iceberg.udg.edu\/index.php?rest_route=%2Fwp%2Fv2%2Ftags&post=5836"}],"curies":[{"name":"wp","href":"https:\/\/api.w.org\/{rel}","templated":true}]}}