{"id":7781,"date":"2019-09-20T09:48:09","date_gmt":"2019-09-20T07:48:09","guid":{"rendered":"https:\/\/icebergng.udg.edu\/?p=7781"},"modified":"2022-10-21T09:38:58","modified_gmt":"2022-10-21T07:38:58","slug":"conversa-entre-ismael-pena-lopez-i-quim-brugue-com-afrontar-la-docencia-en-la-universitat-actual","status":"publish","type":"post","link":"https:\/\/iceberg.udg.edu\/?p=7781","title":{"rendered":"Conversa entre Ismael Pe\u00f1a-L\u00f3pez i Quim Brugu\u00e9: Com afrontar la doc\u00e8ncia en la universitat actual?"},"content":{"rendered":"\n<p>Conversa entre Ismael Pe\u00f1a-L\u00f3pez, doctor en Societat de la Informaci\u00f3 i el Coneixement i actual Director General de Participaci\u00f3 Ciutadana i Processos Electorals a la Generalitat de Catalunya, i Quim Brugu\u00e9, catedr\u00e0tic de Ci\u00e8ncia Pol\u00edtica i de l&#8217;Administraci\u00f3 de la Universitat de Girona.<\/p>\n\n\n\n<p>Quin \u00e9s l&#8217;objectiu de la universitat? Maximitzar el n\u00famero d&#8217;hores de classe i maximitzar el n\u00famero de publicacions, o generar i transmetre un coneixement que sigui \u00fatil a la societat?<\/p>\n\n\n\n<p>Com poden conviure recerca i doc\u00e8ncia a la universitat?<\/p>\n\n\n\n<p>\u00c9s possible treballar interdisciplin\u00e0riament a la universitat? Com ho podem fer?<\/p>\n\n\n\n<p>Aquestes s\u00f3n algunes de les q\u00fcestionsque es plantegen Quim Brugu\u00e9 i Ismael Pe\u00f1a-L\u00f3pez sobre la universitat actual.<\/p>\n\n\n\n<figure class=\"wp-block-embed is-type-video is-provider-youtube wp-block-embed-youtube wp-embed-aspect-16-9 wp-has-aspect-ratio\"><div class=\"wp-block-embed__wrapper\">\n<iframe loading=\"lazy\" title=\"Com afrontar la doc\u00e8ncia en la universitat actual?\" width=\"1200\" height=\"675\" src=\"https:\/\/www.youtube-nocookie.com\/embed\/bwJth_RJ3js?feature=oembed\" frameborder=\"0\" allow=\"accelerometer; autoplay; clipboard-write; encrypted-media; gyroscope; picture-in-picture\" allowfullscreen><\/iframe>\n<\/div><\/figure>\n\n\n\n<p>En els propers Butlletins anirem publicant altres moments d&#8217;aquesta conversa que s&#8217;ha realitzat en el marc de l&#8217;espai ICEberg, promogut per l&#8217;ICE de la Universitat de Girona.<\/p>\n","protected":false},"excerpt":{"rendered":"<p>\t\t\t\tQuin \u00e9s l&#8217;objectiu de la universitat? Com poden conviure-hi recerca i doc\u00e8ncia?\u00c9s possible treballar interdisciplin\u00e0riament? Com ho podem fer? Aquestes s\u00f3n algunes de les q\u00fcestions sobre les que conversen Ismael Pe\u00f1a-L\u00f3pez, doctor en Societat de la Informaci\u00f3 i el Coneixement i actual Director General de Participaci\u00f3 Ciutadana i Processos Electorals a la Generalitat de Catalunya, i Quim Brugu\u00e9, catedr\u00e0tic de Ci\u00e8ncia Pol\u00edtica i de l&#8217;Administraci\u00f3 de la Universitat de Girona.<\/p>\n","protected":false},"author":2,"featured_media":8087,"comment_status":"open","ping_status":"closed","sticky":false,"template":"","format":"standard","meta":{"footnotes":""},"categories":[28,33],"tags":[],"class_list":["post-7781","post","type-post","status-publish","format-standard","has-post-thumbnail","hentry","category-converses","category-repassat"],"_links":{"self":[{"href":"https:\/\/iceberg.udg.edu\/index.php?rest_route=\/wp\/v2\/posts\/7781","targetHints":{"allow":["GET"]}}],"collection":[{"href":"https:\/\/iceberg.udg.edu\/index.php?rest_route=\/wp\/v2\/posts"}],"about":[{"href":"https:\/\/iceberg.udg.edu\/index.php?rest_route=\/wp\/v2\/types\/post"}],"author":[{"embeddable":true,"href":"https:\/\/iceberg.udg.edu\/index.php?rest_route=\/wp\/v2\/users\/2"}],"replies":[{"embeddable":true,"href":"https:\/\/iceberg.udg.edu\/index.php?rest_route=%2Fwp%2Fv2%2Fcomments&post=7781"}],"version-history":[{"count":3,"href":"https:\/\/iceberg.udg.edu\/index.php?rest_route=\/wp\/v2\/posts\/7781\/revisions"}],"predecessor-version":[{"id":14629,"href":"https:\/\/iceberg.udg.edu\/index.php?rest_route=\/wp\/v2\/posts\/7781\/revisions\/14629"}],"wp:featuredmedia":[{"embeddable":true,"href":"https:\/\/iceberg.udg.edu\/index.php?rest_route=\/wp\/v2\/media\/8087"}],"wp:attachment":[{"href":"https:\/\/iceberg.udg.edu\/index.php?rest_route=%2Fwp%2Fv2%2Fmedia&parent=7781"}],"wp:term":[{"taxonomy":"category","embeddable":true,"href":"https:\/\/iceberg.udg.edu\/index.php?rest_route=%2Fwp%2Fv2%2Fcategories&post=7781"},{"taxonomy":"post_tag","embeddable":true,"href":"https:\/\/iceberg.udg.edu\/index.php?rest_route=%2Fwp%2Fv2%2Ftags&post=7781"}],"curies":[{"name":"wp","href":"https:\/\/api.w.org\/{rel}","templated":true}]}}