{"id":7869,"date":"2019-10-04T14:49:25","date_gmt":"2019-10-04T12:49:25","guid":{"rendered":"https:\/\/icebergng.udg.edu\/?p=7869"},"modified":"2021-01-20T12:23:20","modified_gmt":"2021-01-20T11:23:20","slug":"pla-dactivitats-de-lice-2019-20","status":"publish","type":"post","link":"https:\/\/iceberg.udg.edu\/?p=7869","title":{"rendered":"Pla d&#8217;activitats de l&#8217;ICE 2019-20"},"content":{"rendered":"\n<p>Cada curs acad\u00e8mic, l\u2019ICE J. Pallach elaborem un <strong>Pla anual d&#8217;activitats<\/strong> en el qual hi recollim les l\u00ednies d&#8217;actuaci\u00f3 que tenim previstes i el conjunt d&#8217;accions que ens plantegem tirar endavant durant el curs.<\/p>\n\n\n\n<p>La nostra voluntat \u00e9s donar resposta, de la manera el m\u00e0xim d\u2019adequada possible, a les necessitats i demandes del PDI de la UdG en els \u00e0mbits de la innovaci\u00f3, la formaci\u00f3 i actualitzaci\u00f3 docent i la millora de la doc\u00e8ncia.<\/p>\n\n\n\n<p>Aquests plans anuals responen a les l\u00ednies establertes en el <strong>Pla Marc de Formaci\u00f3 del Personal Docent i Investigador de la UdG<\/strong> per al per\u00edode 2017-21.<\/p>\n\n\n\n<figure class=\"wp-block-image\"><img loading=\"lazy\" decoding=\"async\" width=\"796\" height=\"248\" src=\"https:\/\/iceberg.udg.edu\/wp-content\/uploads\/2019\/10\/ice-tallat.png\" alt=\"\" class=\"wp-image-7939\" srcset=\"https:\/\/iceberg.udg.edu\/wp-content\/uploads\/2019\/10\/ice-tallat.png 796w, https:\/\/iceberg.udg.edu\/wp-content\/uploads\/2019\/10\/ice-tallat-300x93.png 300w, https:\/\/iceberg.udg.edu\/wp-content\/uploads\/2019\/10\/ice-tallat-768x239.png 768w\" sizes=\"auto, (max-width: 796px) 100vw, 796px\" \/><\/figure>\n\n\n\n<p><a href=\"http:\/\/web2.udg.edu\/ice\/pla_activitats\/Pla19_20.pdf\">Podeu consultar el Pla d&#8217;activitats d&#8217;enguany<\/a><\/p>\n","protected":false},"excerpt":{"rendered":"<p>\t\t\t\tDes de l\u2019ICE J. Pallach elaborem anualment un Pla d\u2019actuacions amb la voluntat de donar una resposta el m\u00e0xim d\u2019adequada possible a les necessitats i demandes del PDI de la UdG en els \u00e0mbits de la innovaci\u00f3 docent, la formaci\u00f3 i l&#8217;actualitzaci\u00f3 del professorat.  <\/p>\n<p>Aquests plans anuals responen a les l\u00ednies d&#8217;acci\u00f3 establertes en el Pla Marc de Formaci\u00f3 del Personal Docent i Investigador de la UdG per al per\u00edode 2017-21.  \t\t<\/p>\n","protected":false},"author":2,"featured_media":7881,"comment_status":"open","ping_status":"closed","sticky":false,"template":"","format":"standard","meta":{"footnotes":""},"categories":[25,33],"tags":[],"class_list":["post-7869","post","type-post","status-publish","format-standard","has-post-thumbnail","hentry","category-informacions","category-repassat"],"_links":{"self":[{"href":"https:\/\/iceberg.udg.edu\/index.php?rest_route=\/wp\/v2\/posts\/7869","targetHints":{"allow":["GET"]}}],"collection":[{"href":"https:\/\/iceberg.udg.edu\/index.php?rest_route=\/wp\/v2\/posts"}],"about":[{"href":"https:\/\/iceberg.udg.edu\/index.php?rest_route=\/wp\/v2\/types\/post"}],"author":[{"embeddable":true,"href":"https:\/\/iceberg.udg.edu\/index.php?rest_route=\/wp\/v2\/users\/2"}],"replies":[{"embeddable":true,"href":"https:\/\/iceberg.udg.edu\/index.php?rest_route=%2Fwp%2Fv2%2Fcomments&post=7869"}],"version-history":[{"count":1,"href":"https:\/\/iceberg.udg.edu\/index.php?rest_route=\/wp\/v2\/posts\/7869\/revisions"}],"predecessor-version":[{"id":12315,"href":"https:\/\/iceberg.udg.edu\/index.php?rest_route=\/wp\/v2\/posts\/7869\/revisions\/12315"}],"wp:featuredmedia":[{"embeddable":true,"href":"https:\/\/iceberg.udg.edu\/index.php?rest_route=\/wp\/v2\/media\/7881"}],"wp:attachment":[{"href":"https:\/\/iceberg.udg.edu\/index.php?rest_route=%2Fwp%2Fv2%2Fmedia&parent=7869"}],"wp:term":[{"taxonomy":"category","embeddable":true,"href":"https:\/\/iceberg.udg.edu\/index.php?rest_route=%2Fwp%2Fv2%2Fcategories&post=7869"},{"taxonomy":"post_tag","embeddable":true,"href":"https:\/\/iceberg.udg.edu\/index.php?rest_route=%2Fwp%2Fv2%2Ftags&post=7869"}],"curies":[{"name":"wp","href":"https:\/\/api.w.org\/{rel}","templated":true}]}}