{"id":7955,"date":"2019-10-16T11:09:55","date_gmt":"2019-10-16T09:09:55","guid":{"rendered":"https:\/\/icebergng.udg.edu\/?p=7955"},"modified":"2021-01-20T12:16:59","modified_gmt":"2021-01-20T11:16:59","slug":"curs-dexcel-avancat-segona-part","status":"publish","type":"post","link":"https:\/\/iceberg.udg.edu\/?p=7955","title":{"rendered":"Curs d&#8217;Excel avan\u00e7at (Segona part)"},"content":{"rendered":"\n<p><strong>A c\u00e0rrec de: <\/strong>Nat\u00e0lia Adell. Universitat de Girona<\/p>\n\n\n\n<p><strong>Presentaci\u00f3:&nbsp;<\/strong>Aquest curs s\u2019adre\u00e7a a persones usu\u00e0ries que ja treballen amb aquest programa i que volen tenir un major coneixement de les funcions avan\u00e7ades que ofereix.<\/p>\n\n\n\n<p><strong>Programa:<\/strong><\/p>\n\n\n\n<ul class=\"wp-block-list\"><li>Introducci\u00f3 a les Macros d&#8217;Excel<\/li><li>Qu\u00e8 \u00e9s una macro? Per a qu\u00e8 serveix? Quan la puc fer servir?<\/li><li>Gravadora de macros de l&#8217;Excel<\/li><li>Alguns exemples de macros<\/li><\/ul>\n\n\n\n<p><strong>Calendari i horari:  <\/strong>28 i 30 de gener i 4 de febrer de 16:30h a 19:30h <\/p>\n\n\n\n<p><strong>Organitza: <\/strong>Institut de Ci\u00e8ncies de l&#8217;Educaci\u00f3 Josep Pallach<\/p>\n\n\n\n<p><strong>Lloc:<\/strong>  Aula d&#8217;inform\u00e0tica&nbsp;AC-037i de l&#8217;aulari com\u00fa (Campus de Montilivi) <\/p>\n\n\n\n<p>\u201c<a href=\"https:\/\/aserv.udg.edu\/MAU\/ice\/Client\/Oferta\/Detall\/5383\">M\u00e9s informaci\u00f3 i matr\u00edcula<\/a>\u201d<\/p>\n","protected":false},"excerpt":{"rendered":"<p>\t\t\t\tAquest curs s\u2019adre\u00e7a a persones usu\u00e0ries que ja treballen amb aquest programa i que volen tenir un major coneixement de les funcions avan\u00e7ades que ofereix. <\/p>\n<p>Concretament, es dirigeix a les persones que hagin realitzat aquella primera part o a d&#8217;altres que ja dominin aquell contingut i vulguin familiaritzar-se amb el que es treballar\u00e0 en aquesta segona part. \t\t<\/p>\n","protected":false},"author":2,"featured_media":7959,"comment_status":"open","ping_status":"closed","sticky":false,"template":"","format":"standard","meta":{"footnotes":""},"categories":[20,33],"tags":[],"class_list":["post-7955","post","type-post","status-publish","format-standard","has-post-thumbnail","hentry","category-activitats","category-repassat"],"_links":{"self":[{"href":"https:\/\/iceberg.udg.edu\/index.php?rest_route=\/wp\/v2\/posts\/7955","targetHints":{"allow":["GET"]}}],"collection":[{"href":"https:\/\/iceberg.udg.edu\/index.php?rest_route=\/wp\/v2\/posts"}],"about":[{"href":"https:\/\/iceberg.udg.edu\/index.php?rest_route=\/wp\/v2\/types\/post"}],"author":[{"embeddable":true,"href":"https:\/\/iceberg.udg.edu\/index.php?rest_route=\/wp\/v2\/users\/2"}],"replies":[{"embeddable":true,"href":"https:\/\/iceberg.udg.edu\/index.php?rest_route=%2Fwp%2Fv2%2Fcomments&post=7955"}],"version-history":[{"count":1,"href":"https:\/\/iceberg.udg.edu\/index.php?rest_route=\/wp\/v2\/posts\/7955\/revisions"}],"predecessor-version":[{"id":12311,"href":"https:\/\/iceberg.udg.edu\/index.php?rest_route=\/wp\/v2\/posts\/7955\/revisions\/12311"}],"wp:featuredmedia":[{"embeddable":true,"href":"https:\/\/iceberg.udg.edu\/index.php?rest_route=\/wp\/v2\/media\/7959"}],"wp:attachment":[{"href":"https:\/\/iceberg.udg.edu\/index.php?rest_route=%2Fwp%2Fv2%2Fmedia&parent=7955"}],"wp:term":[{"taxonomy":"category","embeddable":true,"href":"https:\/\/iceberg.udg.edu\/index.php?rest_route=%2Fwp%2Fv2%2Fcategories&post=7955"},{"taxonomy":"post_tag","embeddable":true,"href":"https:\/\/iceberg.udg.edu\/index.php?rest_route=%2Fwp%2Fv2%2Ftags&post=7955"}],"curies":[{"name":"wp","href":"https:\/\/api.w.org\/{rel}","templated":true}]}}