{"id":8031,"date":"2019-11-06T13:24:22","date_gmt":"2019-11-06T12:24:22","guid":{"rendered":"https:\/\/icebergng.udg.edu\/?p=8031"},"modified":"2021-07-01T10:12:02","modified_gmt":"2021-07-01T08:12:02","slug":"en-marxa-el-cidui2020-sota-el-titol-mes-enlla-de-les-competencies-nous-reptes-en-la-societat-digital","status":"publish","type":"post","link":"https:\/\/iceberg.udg.edu\/?p=8031","title":{"rendered":"En marxa el #CIDUI2020 sota el t\u00edtol &#8220;M\u00e9s enll\u00e0 de les compet\u00e8ncies: nous reptes en la societat digital&#8221;"},"content":{"rendered":"\n<p>El proper Congr\u00e9s Internacional de Doc\u00e8ncia Universit\u00e0ria i Innovaci\u00f3 tindr\u00e0 lloc els dies <strong>1, 2 i 3 de juliol de 2020&nbsp; <\/strong>a La Farga Centre d&#8217;Activitats de L&#8217;Hospitalet de Llobregat (Barcelona).<\/p>\n\n\n\n<h2 class=\"wp-block-heading\">Tem\u00e0tica<\/h2>\n\n\n\n<p>Aquesta edici\u00f3 porta per t\u00edtol&nbsp;<strong>\u201cM\u00e9s enll\u00e0 de les compet\u00e8ncies: nous reptes en la societat digital\u201d<\/strong>. El m\u00f3n universitari actual est\u00e0 assistint a una clara transformaci\u00f3 que comporta l\u2019aparici\u00f3 de nous reptes formatius, fruit dels canvis que est\u00e0 experimentant la societat (tecnol\u00f2gics, pol\u00edtics, socials, culturals, mediambientals\u2026).<\/p>\n\n\n\n<p>La transformaci\u00f3 de les estrat\u00e8gies docents i els sistemes universitaris, a partir de la generaci\u00f3 de coneixement i de pr\u00e0ctiques innovadores avaluables, ha de permetre a la universitat, com agent social, donar resposta a una nova generaci\u00f3 d\u2019estudiants que apr\u00e8n d\u2019una manera diferent fruit de l\u2019era digital i els canvis locals i globals.<\/p>\n\n\n\n<p><a href=\"https:\/\/www.cidui.org\/congressos-cidui\/xi-congres-cidui-2020\/tematica-i-ambits\/\" target=\"_blank\" rel=\"noreferrer noopener\" aria-label=\"Descobreix els 4 \u00e0mbits  (s'obre en una nova pestanya)\">Descobreix els 4 \u00e0mbits <\/a>definits a partir del lema del Congr\u00e9s.<\/p>\n\n\n\n<p>Termini de <strong>presentaci\u00f3 de propostes de comunicaci\u00f3<\/strong>: obert fins el <strong>17\/01\/2019<\/strong><\/p>\n\n\n\n<p><a rel=\"noreferrer noopener\" aria-label=\"Tarifa d'inscripci\u00f3  (s'obre en una nova pestanya)\" href=\"https:\/\/www.cidui.org\/congressos-cidui\/xi-congres-cidui-2020\/inscripcions\/\" target=\"_blank\">Tarifa d&#8217;inscripci\u00f3<\/a> redu\u00efda fins el 18\/05\/2019<\/p>\n\n\n\n<p><a rel=\"noreferrer noopener\" aria-label=\"M\u00e9s informaci\u00f3 (s'obre en una nova pestanya)\" href=\"https:\/\/www.cidui.org\/congressos-cidui\/xi-congres-cidui-2020\/\" target=\"_blank\">M\u00e9s informaci\u00f3<\/a><\/p>\n\n\n\n<p>L&#8217;onzena edici\u00f3 del Congr\u00e9s<\/p>\n","protected":false},"excerpt":{"rendered":"<p>\t\t\t\tL&#8217;onzena edici\u00f3 del Congr\u00e9s Internacional de Doc\u00e8ncia Universit\u00e0ria i Innovaci\u00f3 tindr\u00e0 lloc els dies 1, 2 i 3 de juliol de 2020  a La Farga Centre d&#8217;Activitats de L&#8217;Hospitalet de Llobregat (Barcelona).<\/p>\n<p>Aquesta edici\u00f3 porta per t\u00edtol \u201cM\u00e9s enll\u00e0 de les compet\u00e8ncies: nous reptes en la societat digital\u201d. <\/p>\n<p>El termini de presentaci\u00f3 de propostes de comunicaci\u00f3 \u00e9s el 7 de gener de 2020.\t\t<\/p>\n","protected":false},"author":2,"featured_media":8035,"comment_status":"open","ping_status":"closed","sticky":false,"template":"","format":"standard","meta":{"footnotes":""},"categories":[23,33],"tags":[],"class_list":["post-8031","post","type-post","status-publish","format-standard","has-post-thumbnail","hentry","category-noticies","category-repassat"],"_links":{"self":[{"href":"https:\/\/iceberg.udg.edu\/index.php?rest_route=\/wp\/v2\/posts\/8031","targetHints":{"allow":["GET"]}}],"collection":[{"href":"https:\/\/iceberg.udg.edu\/index.php?rest_route=\/wp\/v2\/posts"}],"about":[{"href":"https:\/\/iceberg.udg.edu\/index.php?rest_route=\/wp\/v2\/types\/post"}],"author":[{"embeddable":true,"href":"https:\/\/iceberg.udg.edu\/index.php?rest_route=\/wp\/v2\/users\/2"}],"replies":[{"embeddable":true,"href":"https:\/\/iceberg.udg.edu\/index.php?rest_route=%2Fwp%2Fv2%2Fcomments&post=8031"}],"version-history":[{"count":2,"href":"https:\/\/iceberg.udg.edu\/index.php?rest_route=\/wp\/v2\/posts\/8031\/revisions"}],"predecessor-version":[{"id":13376,"href":"https:\/\/iceberg.udg.edu\/index.php?rest_route=\/wp\/v2\/posts\/8031\/revisions\/13376"}],"wp:featuredmedia":[{"embeddable":true,"href":"https:\/\/iceberg.udg.edu\/index.php?rest_route=\/wp\/v2\/media\/8035"}],"wp:attachment":[{"href":"https:\/\/iceberg.udg.edu\/index.php?rest_route=%2Fwp%2Fv2%2Fmedia&parent=8031"}],"wp:term":[{"taxonomy":"category","embeddable":true,"href":"https:\/\/iceberg.udg.edu\/index.php?rest_route=%2Fwp%2Fv2%2Fcategories&post=8031"},{"taxonomy":"post_tag","embeddable":true,"href":"https:\/\/iceberg.udg.edu\/index.php?rest_route=%2Fwp%2Fv2%2Ftags&post=8031"}],"curies":[{"name":"wp","href":"https:\/\/api.w.org\/{rel}","templated":true}]}}