{"id":8200,"date":"2019-12-20T12:24:19","date_gmt":"2019-12-20T11:24:19","guid":{"rendered":"https:\/\/icebergng.udg.edu\/?p=8200"},"modified":"2021-01-20T10:57:48","modified_gmt":"2021-01-20T09:57:48","slug":"envia-la-teva-comunicacio-al-xi-congres-dinnovacio-docent-cidui-2020","status":"publish","type":"post","link":"https:\/\/iceberg.udg.edu\/?p=8200","title":{"rendered":"Envia la teva comunicaci\u00f3 al XI Congr\u00e9s d\u2019innovaci\u00f3 docent CIDUI 2020"},"content":{"rendered":"\n<h2 class=\"wp-block-heading\">Termini de presentaci\u00f3 de comunicacions: <strong>17\/01\/2020<\/strong><\/h2>\n\n\n\n<p>Torna una nova edici\u00f3 del Congr\u00e9s Internacional de Doc\u00e8ncia Universit\u00e0ria i Innovaci\u00f3. Un espai de refer\u00e8ncia d&#8217;intercanvi i an\u00e0lisi d&#8217;estudis, experi\u00e8ncies i propostes docents en educaci\u00f3 superior amb 20 anys d&#8217;hist\u00f2ria.<\/p>\n\n\n\n<p>Enguany tindr\u00e0 lloc a La Farga Centre d\u2019Activitats de l\u2019Hospitalet de Llobregat els dies 1, 2 i 3 de juliol de 2020.<\/p>\n\n\n\n<p>Aquesta edici\u00f3 reflexionar\u00e0 sobre els seg\u00fcents \u00e0mbits tem\u00e0tics\nen modalitat oral i p\u00f2ster:&nbsp;<\/p>\n\n\n\n<ul class=\"wp-block-list\"><li>Els estudiants en l\u2019era digital<\/li><li>Arquitectures i espais d\u2019aprenentatge<\/li><li>Relaci\u00f3 universitat \u2013 societat<\/li><li>Desenvolupament professional<\/li><\/ul>\n\n\n\n<p><a href=\"https:\/\/www.cidui.org\/congressos-cidui\/xi-congres-cidui-2020\/normativa-general\/\" target=\"_blank\" rel=\"noreferrer noopener\" aria-label=\"Informaci\u00f3 sobre el proc\u00e9s de presentaci\u00f3 de comunicacions (s'obre en una nova pestanya)\">Informaci\u00f3 sobre el proc\u00e9s de presentaci\u00f3 de comunicacions<\/a><\/p>\n\n\n\n<p><a rel=\"noreferrer noopener\" aria-label=\"M\u00e9s informaci\u00f3 sobre el Congr\u00e9s (s'obre en una nova pestanya)\" href=\"https:\/\/www.cidui.org\/congressos-cidui\/xi-congres-cidui-2020\/\" target=\"_blank\">M\u00e9s informaci\u00f3 sobre el Congr\u00e9s<\/a><\/p>\n","protected":false},"excerpt":{"rendered":"<p>\t\t\t\tTorna una nova edici\u00f3 del CIDUI. Un espai de refer\u00e8ncia d&#8217;intercanvi i an\u00e0lisi d&#8217;estudis, experi\u00e8ncies i propostes docents en educaci\u00f3 superior amb 20 anys d&#8217;hist\u00f2ria.<br \/>\nEnguany tindr\u00e0 lloc a La Farga Centre d\u2019Activitats de l\u2019Hospitalet de Llobregat els dies 1, 2 i 3 de juliol de 2020.<\/p>\n<p>El termini de presentaci\u00f3 de comunicacions \u00e9s el 17 de gener de 2020.<\/p>\n","protected":false},"author":2,"featured_media":8204,"comment_status":"open","ping_status":"closed","sticky":false,"template":"","format":"standard","meta":{"footnotes":""},"categories":[23,33],"tags":[],"class_list":["post-8200","post","type-post","status-publish","format-standard","has-post-thumbnail","hentry","category-noticies","category-repassat"],"_links":{"self":[{"href":"https:\/\/iceberg.udg.edu\/index.php?rest_route=\/wp\/v2\/posts\/8200","targetHints":{"allow":["GET"]}}],"collection":[{"href":"https:\/\/iceberg.udg.edu\/index.php?rest_route=\/wp\/v2\/posts"}],"about":[{"href":"https:\/\/iceberg.udg.edu\/index.php?rest_route=\/wp\/v2\/types\/post"}],"author":[{"embeddable":true,"href":"https:\/\/iceberg.udg.edu\/index.php?rest_route=\/wp\/v2\/users\/2"}],"replies":[{"embeddable":true,"href":"https:\/\/iceberg.udg.edu\/index.php?rest_route=%2Fwp%2Fv2%2Fcomments&post=8200"}],"version-history":[{"count":1,"href":"https:\/\/iceberg.udg.edu\/index.php?rest_route=\/wp\/v2\/posts\/8200\/revisions"}],"predecessor-version":[{"id":12289,"href":"https:\/\/iceberg.udg.edu\/index.php?rest_route=\/wp\/v2\/posts\/8200\/revisions\/12289"}],"wp:featuredmedia":[{"embeddable":true,"href":"https:\/\/iceberg.udg.edu\/index.php?rest_route=\/wp\/v2\/media\/8204"}],"wp:attachment":[{"href":"https:\/\/iceberg.udg.edu\/index.php?rest_route=%2Fwp%2Fv2%2Fmedia&parent=8200"}],"wp:term":[{"taxonomy":"category","embeddable":true,"href":"https:\/\/iceberg.udg.edu\/index.php?rest_route=%2Fwp%2Fv2%2Fcategories&post=8200"},{"taxonomy":"post_tag","embeddable":true,"href":"https:\/\/iceberg.udg.edu\/index.php?rest_route=%2Fwp%2Fv2%2Ftags&post=8200"}],"curies":[{"name":"wp","href":"https:\/\/api.w.org\/{rel}","templated":true}]}}